{"id":1960,"date":"2016-05-12T00:00:00","date_gmt":"2016-05-12T03:00:00","guid":{"rendered":"https:\/\/hostnetart.com.br\/baixada\/implantacao-da-mesa-tematica-de-plr-com-fenacrefi-acontece-nesta-quinta-feira-12\/"},"modified":"2016-05-12T00:00:00","modified_gmt":"2016-05-12T03:00:00","slug":"implantacao-da-mesa-tematica-de-plr-com-fenacrefi-acontece-nesta-quinta-feira-12","status":"publish","type":"post","link":"https:\/\/hostnetart.com.br\/baixada\/implantacao-da-mesa-tematica-de-plr-com-fenacrefi-acontece-nesta-quinta-feira-12\/","title":{"rendered":"Implanta\u00e7\u00e3o da mesa tem\u00e1tica de PLR com Fenacrefi acontece nesta quinta-feira (12)"},"content":{"rendered":"<p>O dia tamb\u00e9m ser\u00e1 marcado pela abertura da primeira confer\u00eancia nacional da categoria, na sede da Contraf-CUT, em S\u00e3o Paulo<\/p>\n<p>A primeira reuni\u00e3o para implanta\u00e7\u00e3o da mesa tem\u00e1tica de PLR est\u00e1 marcada para esta quinta-feira (12), \u00e0s 10h, na sede da Federa\u00e7\u00e3o Nacional de Institui\u00e7\u00f5es de Cr\u00e9dito, Financiamento e Investimentos (Fenacrefi), no centro de S\u00e3o Paulo. O grupo bipartite contar\u00e1 com representantes dos trabalhadores financi\u00e1rios e das empresas. A instala\u00e7\u00e3o das mesas tem\u00e1ticas de PLR e tamb\u00e9m de Terceiriza\u00e7\u00e3o \u00e9 uma conquista da Campanha Nacional de 2015.<\/p>\n<p>A Contraf-CUT estima em mais de 500 mil o n\u00famero de trabalhadores que presta servi\u00e7o para as financeiras, em todo o Brasil, mas na base da Fenacrefi h\u00e1 apenas 10 mil.<\/p>\n<p>\u201cAs discuss\u00f5es das novas mesas tem\u00e1ticas s\u00e3o de extremante import\u00e2ncia para fazer um \u2018raio x\u00b4 da realidade da categoria. Informa\u00e7\u00f5es que ser\u00e3o trazidas para a mesa pelos nossos sindicatos e federa\u00e7\u00f5es. Esperamos que a partir deste trabalho, muitos trabalhadores, que est\u00e3o sem representatividade sindical, tenham seus direitos garantidos\u201d, explicou Jair Alves dos Santos, coordenador da Comiss\u00e3o dos Financi\u00e1rios.<\/p>\n<p>O coordenador da Comiss\u00e3o dos Financi\u00e1rios tamb\u00e9m destaca que muitos direitos, como a PLR, tamb\u00e9m s\u00e3o prejudicados. O grupo de trabalho sobre o tema ter\u00e1 a fun\u00e7\u00e3o de discutir os diferentes programas de PLR dentro das institui\u00e7\u00f5es financeiras e de propor um modelo de melhor distribui\u00e7\u00e3o.<\/p>\n<p>\u201cQueremos assegurar que a distribui\u00e7\u00e3o da PLR seja mais justa e n\u00e3o beneficie somente os grandes cargos, mas todos os trabalhadores. J\u00e1 conseguimos muitas conquistas com a nossa luta, mas a distribui\u00e7\u00e3o dos lucros pode e deve melhorar\u201d, conclui Jair.<\/p>\n<p>Ap\u00f3s a reuni\u00e3o com a Fenacrefi, \u00e0s 17h, os financi\u00e1rios participam da primeira confer\u00eancia nacional da categoria, em S\u00e3o Paulo, na sede da Contraf-CUT.<\/p>\n<p>Fonte: Contraf-CUT<\/p>\n","protected":false},"excerpt":{"rendered":"<p>O dia tamb\u00e9m ser\u00e1 marcado pela abertura da primeira confer\u00eancia nacional da categoria, na sede da Contraf-CUT, em S\u00e3o Paulo A primeira reuni\u00e3o para implanta\u00e7\u00e3o da mesa tem\u00e1tica de PLR est\u00e1 marcada para esta quinta-feira (12), \u00e0s 10h, na sede da Federa\u00e7\u00e3o Nacional de Institui\u00e7\u00f5es de Cr\u00e9dito, Financiamento e Investimentos (Fenacrefi), no centro de S\u00e3o [&hellip;]<\/p>\n","protected":false},"author":1,"featured_media":0,"comment_status":"","ping_status":"","sticky":false,"template":"","format":"standard","meta":{"footnotes":""},"categories":[3],"tags":[],"class_list":["post-1960","post","type-post","status-publish","format-standard","hentry","category-noticias"],"_links":{"self":[{"href":"https:\/\/hostnetart.com.br\/baixada\/wp-json\/wp\/v2\/posts\/1960","targetHints":{"allow":["GET"]}}],"collection":[{"href":"https:\/\/hostnetart.com.br\/baixada\/wp-json\/wp\/v2\/posts"}],"about":[{"href":"https:\/\/hostnetart.com.br\/baixada\/wp-json\/wp\/v2\/types\/post"}],"author":[{"embeddable":true,"href":"https:\/\/hostnetart.com.br\/baixada\/wp-json\/wp\/v2\/users\/1"}],"replies":[{"embeddable":true,"href":"https:\/\/hostnetart.com.br\/baixada\/wp-json\/wp\/v2\/comments?post=1960"}],"version-history":[{"count":0,"href":"https:\/\/hostnetart.com.br\/baixada\/wp-json\/wp\/v2\/posts\/1960\/revisions"}],"wp:attachment":[{"href":"https:\/\/hostnetart.com.br\/baixada\/wp-json\/wp\/v2\/media?parent=1960"}],"wp:term":[{"taxonomy":"category","embeddable":true,"href":"https:\/\/hostnetart.com.br\/baixada\/wp-json\/wp\/v2\/categories?post=1960"},{"taxonomy":"post_tag","embeddable":true,"href":"https:\/\/hostnetart.com.br\/baixada\/wp-json\/wp\/v2\/tags?post=1960"}],"curies":[{"name":"wp","href":"https:\/\/api.w.org\/{rel}","templated":true}]}}