{"id":1958,"date":"2016-05-11T00:00:00","date_gmt":"2016-05-11T03:00:00","guid":{"rendered":"https:\/\/hostnetart.com.br\/baixada\/coe-hsbc-se-reune-para-organizacao-do-encontro-nacional-dos-trabalhadores-do-banco\/"},"modified":"2016-05-11T00:00:00","modified_gmt":"2016-05-11T03:00:00","slug":"coe-hsbc-se-reune-para-organizacao-do-encontro-nacional-dos-trabalhadores-do-banco","status":"publish","type":"post","link":"https:\/\/hostnetart.com.br\/baixada\/coe-hsbc-se-reune-para-organizacao-do-encontro-nacional-dos-trabalhadores-do-banco\/","title":{"rendered":"COE HSBC se re\u00fane para organiza\u00e7\u00e3o do Encontro Nacional dos Trabalhadores do banco"},"content":{"rendered":"<p>A defesa do emprego e a conjuntura nacional tamb\u00e9m est\u00e3o na pauta da reuni\u00e3o<\/p>\n<p>A Comiss\u00e3o de Organiza\u00e7\u00e3o dos Empregados (COE) do HSBC se re\u00fane, nesta quarta-feira (11), para organizar o Encontro Nacional dos Trabalhadores do Banco, que acontece nos dias 7 e 8 de junho, em S\u00e3o Paulo.<\/p>\n<p>Cristiane Zacarias, coordenadora nacional da COE HSBC, informou que a defesa do emprego tamb\u00e9m estar\u00e1 na pauta. \u201cEmbora muitos tenham a venda do HSBC ao Bradesco como um fato consumado, os integrantes da COE HSBC resistem h\u00e1 mais de um ano na defesa dos mais de 20000 empregos no pa\u00eds. O HSBC sai do pa\u00eds deixando um sentimento de frustra\u00e7\u00e3o, pois foi um jogo em que s\u00f3 ele ganhou.\u201d<\/p>\n<p>Cristiane lembrou ainda que o Bradesco teve a oportunidade de, ao menos, demonstrar interesse por seus trabalhadores, mas apenas conseguiu plantar a desesperan\u00e7a \u2013 principalmente \u2013 com as demiss\u00f5es que vem praticando nas \u00faltimas semanas. \u201cApesar das nossas tentativas de conversa, o sil\u00eancio impera no banco. Vamos continuar lutando, recorremos da decis\u00e3o do CADE, argumentando que os trabalhadores devem ser considerados nessa negocia\u00e7\u00e3o. Iremos ao MPT, faremos a resist\u00eancia no campo Jur\u00eddico, pol\u00edtico e sindical, a luta n\u00e3o vai parar.\u201d<\/p>\n<p>Outro assunto em debate, ser\u00e1 a conjuntura nacional. Roberto von de Osten, presidente da Contraf-CUT, garantiu que a luta em defesa dos direitos \u00e9 muito importante e n\u00e3o vai parar. \u201cO que vem a\u00ed \u00e9 um plano de governo muito severo. No qual, quem vai pagar a conta, a exemplo da d\u00e9cada de 1990 \u2013 quando os que pretendem voltar estavam no governo \u2013, ser\u00e1 os trabalhadores. Por isso, n\u00f3s vamos continuar resistindo, vamos continuar na rua, apresentando nosso projeto, mostrando que os beneficiados com o projeto deles \u00e9 uma pequena maioria rica, e o projeto que eles tentam derrotar \u00e9 o projeto dos trabalhadores brasileiros.\u201d<\/p>\n<p>\u00a0<\/p>\n<p>Mat\u00e9ria atualizada em 11\/05<\/p>\n<p>\u00a0<\/p>\n<p>Fonte: Contraf-CUT<\/p>\n","protected":false},"excerpt":{"rendered":"<p>A defesa do emprego e a conjuntura nacional tamb\u00e9m est\u00e3o na pauta da reuni\u00e3o A Comiss\u00e3o de Organiza\u00e7\u00e3o dos Empregados (COE) do HSBC se re\u00fane, nesta quarta-feira (11), para organizar o Encontro Nacional dos Trabalhadores do Banco, que acontece nos dias 7 e 8 de junho, em S\u00e3o Paulo. Cristiane Zacarias, coordenadora nacional da COE [&hellip;]<\/p>\n","protected":false},"author":1,"featured_media":0,"comment_status":"","ping_status":"","sticky":false,"template":"","format":"standard","meta":{"footnotes":""},"categories":[3],"tags":[],"class_list":["post-1958","post","type-post","status-publish","format-standard","hentry","category-noticias"],"_links":{"self":[{"href":"https:\/\/hostnetart.com.br\/baixada\/wp-json\/wp\/v2\/posts\/1958","targetHints":{"allow":["GET"]}}],"collection":[{"href":"https:\/\/hostnetart.com.br\/baixada\/wp-json\/wp\/v2\/posts"}],"about":[{"href":"https:\/\/hostnetart.com.br\/baixada\/wp-json\/wp\/v2\/types\/post"}],"author":[{"embeddable":true,"href":"https:\/\/hostnetart.com.br\/baixada\/wp-json\/wp\/v2\/users\/1"}],"replies":[{"embeddable":true,"href":"https:\/\/hostnetart.com.br\/baixada\/wp-json\/wp\/v2\/comments?post=1958"}],"version-history":[{"count":0,"href":"https:\/\/hostnetart.com.br\/baixada\/wp-json\/wp\/v2\/posts\/1958\/revisions"}],"wp:attachment":[{"href":"https:\/\/hostnetart.com.br\/baixada\/wp-json\/wp\/v2\/media?parent=1958"}],"wp:term":[{"taxonomy":"category","embeddable":true,"href":"https:\/\/hostnetart.com.br\/baixada\/wp-json\/wp\/v2\/categories?post=1958"},{"taxonomy":"post_tag","embeddable":true,"href":"https:\/\/hostnetart.com.br\/baixada\/wp-json\/wp\/v2\/tags?post=1958"}],"curies":[{"name":"wp","href":"https:\/\/api.w.org\/{rel}","templated":true}]}}