{"id":1955,"date":"2016-05-11T00:00:00","date_gmt":"2016-05-11T03:00:00","guid":{"rendered":"https:\/\/hostnetart.com.br\/baixada\/atencao-encontro-estadual-dos-funcionarios-da-cef\/"},"modified":"2016-05-11T00:00:00","modified_gmt":"2016-05-11T03:00:00","slug":"atencao-encontro-estadual-dos-funcionarios-da-cef","status":"publish","type":"post","link":"https:\/\/hostnetart.com.br\/baixada\/atencao-encontro-estadual-dos-funcionarios-da-cef\/","title":{"rendered":"Aten\u00e7\u00e3o encontro Estadual dos Funcion\u00e1rios da CEF"},"content":{"rendered":"<p>Al\u00f4 banc\u00e1rios da CEF! A FETRAF RJ\/ES realizar\u00e1 o Encontro Estadual dos\/as Funcion\u00e1rios\/as do RJ da Caixa Econ\u00f4mica Federal no, dia 21 de maio, s\u00e1bado, no audit\u00f3rio do SEEB do Rio de Janeiro que fica na Avenida Presidente Vargas, n\u00ba 502 \u2013 21\u00ba andar, Centro, Rio de Janeiro. O evento come\u00e7a \u00e0s 9h e seguir\u00e1 at\u00e9 \u00e0s 14h. Ressaltamos que o Encontro \u00e9 aberto a todos\/as os\/as empregados\/as da Caixa Econ\u00f4mica Federal no estado do RJ ativos\/as ou aposentados\/as.<\/p>\n","protected":false},"excerpt":{"rendered":"<p>Al\u00f4 banc\u00e1rios da CEF! A FETRAF RJ\/ES realizar\u00e1 o Encontro Estadual dos\/as Funcion\u00e1rios\/as do RJ da Caixa Econ\u00f4mica Federal no, dia 21 de maio, s\u00e1bado, no audit\u00f3rio do SEEB do Rio de Janeiro que fica na Avenida Presidente Vargas, n\u00ba 502 \u2013 21\u00ba andar, Centro, Rio de Janeiro. O evento come\u00e7a \u00e0s 9h e seguir\u00e1 [&hellip;]<\/p>\n","protected":false},"author":1,"featured_media":1954,"comment_status":"","ping_status":"","sticky":false,"template":"","format":"standard","meta":{"footnotes":""},"categories":[3],"tags":[],"class_list":["post-1955","post","type-post","status-publish","format-standard","has-post-thumbnail","hentry","category-noticias"],"_links":{"self":[{"href":"https:\/\/hostnetart.com.br\/baixada\/wp-json\/wp\/v2\/posts\/1955","targetHints":{"allow":["GET"]}}],"collection":[{"href":"https:\/\/hostnetart.com.br\/baixada\/wp-json\/wp\/v2\/posts"}],"about":[{"href":"https:\/\/hostnetart.com.br\/baixada\/wp-json\/wp\/v2\/types\/post"}],"author":[{"embeddable":true,"href":"https:\/\/hostnetart.com.br\/baixada\/wp-json\/wp\/v2\/users\/1"}],"replies":[{"embeddable":true,"href":"https:\/\/hostnetart.com.br\/baixada\/wp-json\/wp\/v2\/comments?post=1955"}],"version-history":[{"count":0,"href":"https:\/\/hostnetart.com.br\/baixada\/wp-json\/wp\/v2\/posts\/1955\/revisions"}],"wp:featuredmedia":[{"embeddable":true,"href":"https:\/\/hostnetart.com.br\/baixada\/wp-json\/wp\/v2\/media\/1954"}],"wp:attachment":[{"href":"https:\/\/hostnetart.com.br\/baixada\/wp-json\/wp\/v2\/media?parent=1955"}],"wp:term":[{"taxonomy":"category","embeddable":true,"href":"https:\/\/hostnetart.com.br\/baixada\/wp-json\/wp\/v2\/categories?post=1955"},{"taxonomy":"post_tag","embeddable":true,"href":"https:\/\/hostnetart.com.br\/baixada\/wp-json\/wp\/v2\/tags?post=1955"}],"curies":[{"name":"wp","href":"https:\/\/api.w.org\/{rel}","templated":true}]}}