{"id":1948,"date":"2016-05-11T00:00:00","date_gmt":"2016-05-11T03:00:00","guid":{"rendered":"https:\/\/hostnetart.com.br\/baixada\/atencao-a-chamada-para-o-encontro-estadual-dos-funcionarios-do-banco-do-brasil\/"},"modified":"2016-05-11T00:00:00","modified_gmt":"2016-05-11T03:00:00","slug":"atencao-a-chamada-para-o-encontro-estadual-dos-funcionarios-do-banco-do-brasil","status":"publish","type":"post","link":"https:\/\/hostnetart.com.br\/baixada\/atencao-a-chamada-para-o-encontro-estadual-dos-funcionarios-do-banco-do-brasil\/","title":{"rendered":"Aten\u00e7\u00e3o \u00e0 chamada para o Encontro Estadual dos Funcion\u00e1rios do Banco do Brasil"},"content":{"rendered":"<p>Al\u00f4 banc\u00e1rios BB! No dia 21 de maio, das 9h \u00e0s 14h, s\u00e1bado, ir\u00e1 acontecer o Encontro Estadual dos\/as Funcion\u00e1rios\/as do RJ do Banco do Brasil no audit\u00f3rio da FETRAF RJ\/ES, na Avenida Gra\u00e7a Aranha, n\u00ba 19 \u2013 Sala 901, Centro, Rio de Janeiro. Ressaltamos que o Encontro \u00e9 aberto a todos\/as os\/as empregados\/as do Banco do Brasil no estado do RJ ativos\/as ou aposentados\/as.<\/p>\n","protected":false},"excerpt":{"rendered":"<p>Al\u00f4 banc\u00e1rios BB! No dia 21 de maio, das 9h \u00e0s 14h, s\u00e1bado, ir\u00e1 acontecer o Encontro Estadual dos\/as Funcion\u00e1rios\/as do RJ do Banco do Brasil no audit\u00f3rio da FETRAF RJ\/ES, na Avenida Gra\u00e7a Aranha, n\u00ba 19 \u2013 Sala 901, Centro, Rio de Janeiro. Ressaltamos que o Encontro \u00e9 aberto a todos\/as os\/as empregados\/as do [&hellip;]<\/p>\n","protected":false},"author":1,"featured_media":1947,"comment_status":"","ping_status":"","sticky":false,"template":"","format":"standard","meta":{"footnotes":""},"categories":[3],"tags":[],"class_list":["post-1948","post","type-post","status-publish","format-standard","has-post-thumbnail","hentry","category-noticias"],"_links":{"self":[{"href":"https:\/\/hostnetart.com.br\/baixada\/wp-json\/wp\/v2\/posts\/1948","targetHints":{"allow":["GET"]}}],"collection":[{"href":"https:\/\/hostnetart.com.br\/baixada\/wp-json\/wp\/v2\/posts"}],"about":[{"href":"https:\/\/hostnetart.com.br\/baixada\/wp-json\/wp\/v2\/types\/post"}],"author":[{"embeddable":true,"href":"https:\/\/hostnetart.com.br\/baixada\/wp-json\/wp\/v2\/users\/1"}],"replies":[{"embeddable":true,"href":"https:\/\/hostnetart.com.br\/baixada\/wp-json\/wp\/v2\/comments?post=1948"}],"version-history":[{"count":0,"href":"https:\/\/hostnetart.com.br\/baixada\/wp-json\/wp\/v2\/posts\/1948\/revisions"}],"wp:featuredmedia":[{"embeddable":true,"href":"https:\/\/hostnetart.com.br\/baixada\/wp-json\/wp\/v2\/media\/1947"}],"wp:attachment":[{"href":"https:\/\/hostnetart.com.br\/baixada\/wp-json\/wp\/v2\/media?parent=1948"}],"wp:term":[{"taxonomy":"category","embeddable":true,"href":"https:\/\/hostnetart.com.br\/baixada\/wp-json\/wp\/v2\/categories?post=1948"},{"taxonomy":"post_tag","embeddable":true,"href":"https:\/\/hostnetart.com.br\/baixada\/wp-json\/wp\/v2\/tags?post=1948"}],"curies":[{"name":"wp","href":"https:\/\/api.w.org\/{rel}","templated":true}]}}