{"id":1941,"date":"2016-04-28T00:00:00","date_gmt":"2016-04-28T03:00:00","guid":{"rendered":"https:\/\/hostnetart.com.br\/baixada\/contraf-cut-convoca-trabalhadores-para-semana-em-memoria-das-vitimas-de-acidentes-e-doencas-do-trabalho\/"},"modified":"2016-04-28T00:00:00","modified_gmt":"2016-04-28T03:00:00","slug":"contraf-cut-convoca-trabalhadores-para-semana-em-memoria-das-vitimas-de-acidentes-e-doencas-do-trabalho","status":"publish","type":"post","link":"https:\/\/hostnetart.com.br\/baixada\/contraf-cut-convoca-trabalhadores-para-semana-em-memoria-das-vitimas-de-acidentes-e-doencas-do-trabalho\/","title":{"rendered":"Contraf-CUT convoca trabalhadores para semana em Mem\u00f3ria das V\u00edtimas de Acidentes e Doen\u00e7as do Trabalho"},"content":{"rendered":"<p>Ser\u00e3o v\u00e1rias atividades neste dia 28 de abril e a Contraf-CUT chama os trabalhadores para as mobiliza\u00e7\u00f5es<\/p>\n<p>O dia 28 de abril \u00e9 lembrado pelo movimento sindical dos trabalhadores como o \u201cDia Mundial em Mem\u00f3ria das V\u00edtimas de Acidentes e Doen\u00e7as do Trabalho\u201d. No Brasil e em v\u00e1rios pa\u00edses do mundo, como Espanha, Portugal, Argentina Peru, Taiwan, por exemplo, a data \u00e9 motivo para mobiliza\u00e7\u00f5es, atividades, semin\u00e1rios, den\u00fancias e reflex\u00f5es em torno dos problemas que envolvem os acidentes, as doen\u00e7as e o mundo do trabalho.<\/p>\n<p>Segundo Walcir Previtale, secret\u00e1rio de Sa\u00fade do Trabalhador e da Trabalhadora da Contraf-CUT, dentre as muitas categorias profissionais existentes em nosso pa\u00eds, os banc\u00e1rios est\u00e3o entre as mais atingidas pelas novas formas de gest\u00e3o do trabalho e pela reestrutura\u00e7\u00e3o produtiva.<\/p>\n<p>\u201cCom a introdu\u00e7\u00e3o de novas tecnologias e a terceiriza\u00e7\u00e3o, com a intensifica\u00e7\u00e3o do trabalho, exigem do banc\u00e1rio um ritmo de trabalho intenso, com in\u00fameras tarefas e responsabilidades para cumprir. Logo, a categoria, nos \u00faltimos anos, tem procurado dialogar com o significado do dia 28 de abril e tem buscado, em conjunto com o movimento social e sindical da classe trabalhadora, participar de toda movimenta\u00e7\u00e3o em torno da data\u201d, afirma o secret\u00e1rio.<\/p>\n<p>Banc\u00e1rios e banc\u00e1rias ainda sofrem dentro dos ambientes de trabalho, desgastando a sua sa\u00fade f\u00edsica e mental ao longo de jornadas de trabalho extenuantes, sem pausas para descanso, com metas de produ\u00e7\u00e3o inalcan\u00e7\u00e1veis e cada vez mais crescentes, convivendo com riscos de assaltos e sequestros, tendo de dar conta de in\u00fameras tarefas.<\/p>\n<p>\u201cN\u00e3o bastasse tudo isso, todos os dias os trabalhadores s\u00e3o submetidos \u00e0 avalia\u00e7\u00e3o individual de desempenho, mecanismo utilizado largamente por todos os bancos para medir quem bate as metas impostas e quem deixou a desejar. Somente o resultado \u00e9 considerado pelos bancos, ou seja, a meta deve ser alcan\u00e7ada de qualquer maneira. N\u00e3o h\u00e1 espa\u00e7o de di\u00e1logo nos locais de trabalho para discutir as dificuldades de se atingir a meta e o ass\u00e9dio moral \u00e9 frequente nas rela\u00e7\u00f5es de trabalho\u201d destaca Walcir Previtale.<\/p>\n<p><strong>Programa\u00e7\u00e3o da semana<\/strong><\/p>\n<p>Desta forma, a categoria banc\u00e1ria tem muitas raz\u00f5es para participar dos eventos que est\u00e3o sendo elaborados para lembrar dia 28 de abril e Contraf-CUT convoca todos pata as mobiliza\u00e7\u00f5es.<\/p>\n<p>Neste ano, al\u00e9m das atividades em cada base sindical, um grande semin\u00e1rio acontece em Minas Gerais, especificamente na cidade de Mariana, que foi brutalmente atingida pela irresponsabilidade da mineradora Vale\/Samarco\/BHP, com o derramamento de lama t\u00f3xica, ocasionando a morte de trabalhadores da empresa, de moradores da regi\u00e3o e a destrui\u00e7\u00e3o do meio ambiente.<\/p>\n<p>O \u201cSemin\u00e1rio Nacional de Sa\u00fade e Seguran\u00e7a do Trabalhador e da Trabalhadora: Desafios e Perspectivas\u201d contar\u00e1 com a participa\u00e7\u00e3o da Contraf-CUT, al\u00e9m de movimentos e centrais sindicais de todo o Pa\u00eds.<\/p>\n<p>Confira <a href=\"http:\/\/admin.contrafcut.org.br\/system\/uploads\/ck\/files\/Semin%C3%A1rio%20acidente%20de%20trabalho%20AF_Folder_15x21cm_DiaMundialVitimasAcidentesTrabalho_Download%20%28002%29.pdf\">aqui<\/a> a programa\u00e7\u00e3o<\/p>\n<p>Antes, no dia 27, Coletivo Nacional de Sa\u00fade do Trabalhador da Contraf-CUT faz reuni\u00e3o itinerante na sede da Fetrafi-MG, em Belo Horizonte. A ideia \u00e9 proporcionar, regionalmente, a maior participa\u00e7\u00e3o poss\u00edvel de dirigentes sindicais nos debates de sa\u00fade do trabalhador. \u00a0As discuss\u00f5es do coletivo tamb\u00e9m servir\u00e3o de base para participa\u00e7\u00e3o do Semin\u00e1rio Nacional no dia 28.<\/p>\n<p><strong>Democratiza\u00e7\u00e3o das rela\u00e7\u00f5es de trabalho<\/strong><\/p>\n<p>A sa\u00fade da trabalhadora \u00e9 do trabalhador \u00e9 um direito humano fundamental, um direito inalien\u00e1vel, que n\u00e3o pode ser legitimamente negado a uma pessoa, por nenhum governo, ou seja, nenhuma autoridade tem compet\u00eancia para negar esse tipo de direito, uma vez que faz parte da ess\u00eancia humana.<\/p>\n<p>\u00c9 com esse princ\u00edpio que a Contraf-CUT tem discutido e negociado a quest\u00e3o da sa\u00fade dos trabalhadores do ramo banc\u00e1rio com a representa\u00e7\u00e3o patronal.<\/p>\n<p>\u201cNo processo negocial que temos com a Fenaban, referente a sa\u00fade dos trabalhadores, partimos dos direitos humanos e somente avan\u00e7amos se a negocia\u00e7\u00e3o, e um poss\u00edvel acordo entre as partes, respeitar esse princ\u00edpio\u201d, destaca o secret\u00e1rio de sa\u00fade do trabalhador da Contraf-CUT.<\/p>\n<p>Walcir ainda salienta, que sendo um direito inalien\u00e1vel, a sa\u00fade dos milhares de banc\u00e1rios e banc\u00e1rias n\u00e3o pertence aos bancos, aos conv\u00eanios particulares, aos departamentos m\u00e9dicos e muito menos \u00e0 Fenban. Logo, essa ideia de que o patr\u00e3o deve ser o guardi\u00e3o da sa\u00fade dos seus empregados, al\u00e9m de ser um grande equ\u00edvoco, \u00e9 uma pr\u00e1tica ilegal, que acaba ferindo os preceitos dos direitos humanos.<\/p>\n<p>\u201cA sa\u00fade pertence ao trabalhador, assim como o seu corpo. N\u00e3o cabe ao empregador determinar todo o processo e organiza\u00e7\u00e3o do trabalho unilateralmente, adoecer os trabalhadores e depois mandar o que deve fazer em caso de acidente ou doen\u00e7a\u201d, explica Walcir.<\/p>\n<p>Ao empregador cabe cumprir a legisla\u00e7\u00e3o vigente no pa\u00eds sobre a sa\u00fade dos trabalhadores, respeitar os prazos prescritos pelo m\u00e9dico para a recupera\u00e7\u00e3o da sa\u00fade, al\u00e9m de implementar, de forma negociada, programas de retorno ao trabalho, respeitando regras para um processo gradativo, com interven\u00e7\u00e3o no posto de trabalho, ritmo e intensidade do trabalho, entretanto, tudo negociado com o trabalhador e seus representantes.<\/p>\n<p>Para o estabelecimento de um ambiente de trabalho saud\u00e1vel, que leve em considera\u00e7\u00e3o a participa\u00e7\u00e3o ativa dos trabalhadores em mat\u00e9ria de sa\u00fade, \u00e9 urgente avan\u00e7ar na democratiza\u00e7\u00e3o das rela\u00e7\u00f5es de trabalho entre as empresas do setor financeiro e os trabalhadores e seus representantes.<\/p>\n<p>\u201cA rela\u00e7\u00e3o entre a democracia nos ambientes de trabalho e os trabalhadores do ramo financeiro \u00e9 muito desigual e aos banc\u00e1rios sobram apenas a execu\u00e7\u00e3o das tarefas unilateralmente definidas, mesmo que para isso percam a sua sa\u00fade para dar conta da carga excessiva de trabalho. Temos nos deparado com propostas da Fenaban em estabelecer \u201cprograma de reabilita\u00e7\u00e3o profissional\u201d, visando transferir aos bancos um servi\u00e7o que hoje \u00e9 atribui\u00e7\u00e3o da Previd\u00eancia Social, uma tarefa p\u00fablica do Estado, por\u00e9m, numa clara tentativa de completar um ciclo extremamente perverso: contratam, exploram, adoecem, afastam, subnotificam e depois querem \u201ccurar\u201d o trabalhador, reabilitando-o. E todo esse processo excluindo o direito \u00e0 participa\u00e7\u00e3o dos trabalhadores e de seus representantes, que \u00e9 garantida em legisla\u00e7\u00e3o nacional e internacional sobre a mat\u00e9ria da sa\u00fade dos trabalhadores\u201d, alerta\u00a0 o secret\u00e1rio.<\/p>\n<p><strong>28 de abril pelo respeito ao trabalhador<\/strong><\/p>\n<p>Esse 28 de abril, onde celebramos a mem\u00f3ria daquelas pessoas que foram v\u00edtimas de condi\u00e7\u00f5es e processos de trabalho inadequados, que morreram por consequ\u00eancias de acidente do trabalho e, considerando a conjuntura atual do nosso pa\u00eds, levantar a bandeira da democratiza\u00e7\u00e3o das rela\u00e7\u00f5es de trabalho nos bancos \u00e9 uma necessidade urgente.<\/p>\n<p>\u201cEnquanto os bancos tratarem a sa\u00fade dos trabalhadores como um neg\u00f3cio meramente financeiro e lucrativo, com o objetivo \u00fanico em pagar menos impostos ao Seguro Acidente do Trabalho \u2013 SAT e vetando a participa\u00e7\u00e3o dos trabalhadores e de seus representantes, a luta pela democracia nos ambientes de trabalho \u00e9 uma luta permanente e extremamente atual\u201d, avalia Walcir<\/p>\n<p>O secret\u00e1rio de Sa\u00fade do Trabalhador da Contraf-CUT tamb\u00e9m afirma que a \u00a0implementa\u00e7\u00e3o da Organiza\u00e7\u00e3o dos Trabalhadores por Local de Trabalho (OLT) \u00e9 fundamental para avan\u00e7ar nesta luta.<\/p>\n<p>\u201cO fortalecimento e amplia\u00e7\u00e3o do papel das Comiss\u00f5es Internas de Preven\u00e7\u00e3o de Acidentes \u2013 CIPA, a aplica\u00e7\u00e3o das Conven\u00e7\u00f5es da Organiza\u00e7\u00e3o Internacional do Trabalho \u2013 OIT, a consulta e participa\u00e7\u00e3o dos trabalhadores nos processos e organiza\u00e7\u00e3o do trabalho, a consulta e participa\u00e7\u00e3o dos trabalhadores nos processos de inova\u00e7\u00e3o tecnol\u00f3gica, entre outros temas, ainda s\u00e3o pautas dos trabalhadores para a melhoria das condi\u00e7\u00f5es de trabalho e a preserva\u00e7\u00e3o de sua sa\u00fade\u201d, finaliza Walcir.<\/p>\n<p><strong><em>Nesta semana, voc\u00ea confere mat\u00e9rias especiais sobre a Sa\u00fade do Trabalhador aqui no portal da Contraf-CUT.<\/em><\/strong><\/p>\n<p id=\"page-author\">Fonte: Contraf-CUT<\/p>\n","protected":false},"excerpt":{"rendered":"<p>Ser\u00e3o v\u00e1rias atividades neste dia 28 de abril e a Contraf-CUT chama os trabalhadores para as mobiliza\u00e7\u00f5es O dia 28 de abril \u00e9 lembrado pelo movimento sindical dos trabalhadores como o \u201cDia Mundial em Mem\u00f3ria das V\u00edtimas de Acidentes e Doen\u00e7as do Trabalho\u201d. No Brasil e em v\u00e1rios pa\u00edses do mundo, como Espanha, Portugal, Argentina [&hellip;]<\/p>\n","protected":false},"author":1,"featured_media":0,"comment_status":"","ping_status":"","sticky":false,"template":"","format":"standard","meta":{"footnotes":""},"categories":[3],"tags":[],"class_list":["post-1941","post","type-post","status-publish","format-standard","hentry","category-noticias"],"_links":{"self":[{"href":"https:\/\/hostnetart.com.br\/baixada\/wp-json\/wp\/v2\/posts\/1941","targetHints":{"allow":["GET"]}}],"collection":[{"href":"https:\/\/hostnetart.com.br\/baixada\/wp-json\/wp\/v2\/posts"}],"about":[{"href":"https:\/\/hostnetart.com.br\/baixada\/wp-json\/wp\/v2\/types\/post"}],"author":[{"embeddable":true,"href":"https:\/\/hostnetart.com.br\/baixada\/wp-json\/wp\/v2\/users\/1"}],"replies":[{"embeddable":true,"href":"https:\/\/hostnetart.com.br\/baixada\/wp-json\/wp\/v2\/comments?post=1941"}],"version-history":[{"count":0,"href":"https:\/\/hostnetart.com.br\/baixada\/wp-json\/wp\/v2\/posts\/1941\/revisions"}],"wp:attachment":[{"href":"https:\/\/hostnetart.com.br\/baixada\/wp-json\/wp\/v2\/media?parent=1941"}],"wp:term":[{"taxonomy":"category","embeddable":true,"href":"https:\/\/hostnetart.com.br\/baixada\/wp-json\/wp\/v2\/categories?post=1941"},{"taxonomy":"post_tag","embeddable":true,"href":"https:\/\/hostnetart.com.br\/baixada\/wp-json\/wp\/v2\/tags?post=1941"}],"curies":[{"name":"wp","href":"https:\/\/api.w.org\/{rel}","templated":true}]}}