{"id":1937,"date":"2016-04-28T00:00:00","date_gmt":"2016-04-28T03:00:00","guid":{"rendered":"https:\/\/hostnetart.com.br\/baixada\/santander-tem-lucro-de-r-1-66-bilhao-no-1-trimestre-de-2016\/"},"modified":"2016-04-28T00:00:00","modified_gmt":"2016-04-28T03:00:00","slug":"santander-tem-lucro-de-r-1-66-bilhao-no-1-trimestre-de-2016","status":"publish","type":"post","link":"https:\/\/hostnetart.com.br\/baixada\/santander-tem-lucro-de-r-1-66-bilhao-no-1-trimestre-de-2016\/","title":{"rendered":"Santander tem lucro de R$ 1,66 bilh\u00e3o no 1\u00ba trimestre de 2016"},"content":{"rendered":"<h2>Lucro do banco no Brasil representa 18% do resultado global. Confira an\u00e1lise do balan\u00e7o elaborada pelo Dieese<\/h2>\n<p>Nos primeiros tr\u00eas meses do ano, o Santander obteve um Lucro L\u00edquido Gerencial de R$ 1,660 bilh\u00e3o, com crescimento de 1,7% em rela\u00e7\u00e3o ao mesmo per\u00edodo de 2015, e de 3,3% em rela\u00e7\u00e3o ao 4\u00ba trimestre de 2015. O retorno sobre o Patrim\u00f4nio L\u00edquido m\u00e9dio anualizado (ROE) ficou em 12,6%, com queda de 0,2 ponto percentual. An\u00e1lise feita pela\u00a0subse\u00e7\u00e3o\u00a0do Dieese, na Contraf-CUT, demonstra que o lucro obtido no Brasil representou 18% do lucro global da Institui\u00e7\u00e3o, que foi de 1,633 bilh\u00e3o de euros.\u00a0 Em compara\u00e7\u00e3o ao 1\u00ba trimestre de 2015, houve queda da participa\u00e7\u00e3o quando o lucro do Brasil representou 21% do lucro global.<\/p>\n<p><strong>N\u00famero de Empregados<\/strong><\/p>\n<p>A holding do banco encerrou o primeiro trimestre de 2016 com 50.142 empregados, com aumento de 232 postos de trabalho em rela\u00e7\u00e3o ao mesmo per\u00edodo no ano passado, sendo 118 a mais, no trimestre. Foram abertas 10 ag\u00eancias e 38 PAB\u2019s em doze meses. A carteira de clientes totalizou 32,9 milh\u00f5es em mar\u00e7o de 2016, com acr\u00e9scimo de 1,5 milh\u00e3o a mais em um ano.<\/p>\n<p><strong>Carteira de Cr\u00e9dito<\/strong><\/p>\n<p>A Carteira de Cr\u00e9dito Ampliada do banco caiu 3,8% em doze meses e atingiu R$ 312,0 bilh\u00f5es. As opera\u00e7\u00f5es com pessoas f\u00edsicas (PF) cresceram 7,2% em rela\u00e7\u00e3o a mar\u00e7o de 2015, chegando a R$ 85,6 bilh\u00f5es. J\u00e1 as opera\u00e7\u00f5es com pessoas jur\u00eddicas (PJ) alcan\u00e7aram R$ 130,0 bilh\u00f5es, com alta de 8,6%. O segmento de pequenas e m\u00e9dias empresas caiu 5,6%, enquanto o segmento de grandes empresas diminuiu em 9,6% em doze meses.<\/p>\n<p>Segundo o banco, a carteira de grandes empresas foi impactada pelo efeito da valoriza\u00e7\u00e3o do d\u00f3lar. Sem esse efeito, a varia\u00e7\u00e3o dessa carteira, em doze meses seria uma queda de 13%. Assim como a anterior, a carteira de \u201cfinanciamento ao consumo\u201d, gerada fora da rede de ag\u00eancias, tamb\u00e9m apresentou queda (9,6%) em 12 meses, totalizando R$ 32,7 milh\u00f5es.<\/p>\n<p>As opera\u00e7\u00f5es com c\u00e2mbio e derivativos renderam ao Santander mais de R$ 5,5 bilh\u00f5es no trimestre, ao passo que, no mesmo per\u00edodo de 2015, os mesmos itens, haviam dado um preju\u00edzo de mais de R$ 4,4 bilh\u00f5es. Al\u00e9m disso, as despesas de opera\u00e7\u00f5es com empr\u00e9stimos e repasses de recursos captados no exterior tamb\u00e9m ca\u00edram significativamente. Todos esses resultados est\u00e3o vinculados \u00e0 valoriza\u00e7\u00e3o do real frente ao d\u00f3lar ocorrida nesse per\u00edodo, em rela\u00e7\u00e3o ao fim de 2015.<\/p>\n<p><strong>Inadimpl\u00eancia<\/strong><\/p>\n<p>O \u00cdndice de Inadimpl\u00eancia superior a 90 dias apresentou alta de 0,3 ponto percentual em rela\u00e7\u00e3o ao 1\u00ba trimestre de 2015, ficando em 3,3%. Ainda assim, foram reduzidas as despesas com provis\u00f5es para cr\u00e9ditos de liquida\u00e7\u00e3o duvidosa (PDD) em 8,5%, totalizando R$ 2,6 bilh\u00f5es.<\/p>\n<p>A receita com presta\u00e7\u00e3o de servi\u00e7os mais a renda das tarifas banc\u00e1rias cresceu 9,3% em doze meses, totalizando R$ 3,1 bilh\u00f5es. J\u00e1 as despesas de pessoal subiram 14,5%, atingindo R$ 2,1 bilh\u00e3o. Assim, em mar\u00e7o de 2016, a cobertura dessas despesas pelas receitas secund\u00e1rias do banco foi de 144,93%.<\/p>\n<p><a class=\"has-subtitle img\" title=\"\" href=\"http:\/\/admin.contrafcut.org.br\/system\/uploads\/ck\/images\/destaques%20dieese%20santander%20trimestre%202016.png\" data-lightbox=\"lightbox\" data-title=\"\"><\/a><\/p>\n<p>\u00a0<\/p>\n<p id=\"page-author\">Fonte: Contraf-CUT com Dieese<\/p>\n","protected":false},"excerpt":{"rendered":"<p>Lucro do banco no Brasil representa 18% do resultado global. Confira an\u00e1lise do balan\u00e7o elaborada pelo Dieese Nos primeiros tr\u00eas meses do ano, o Santander obteve um Lucro L\u00edquido Gerencial de R$ 1,660 bilh\u00e3o, com crescimento de 1,7% em rela\u00e7\u00e3o ao mesmo per\u00edodo de 2015, e de 3,3% em rela\u00e7\u00e3o ao 4\u00ba trimestre de 2015. [&hellip;]<\/p>\n","protected":false},"author":1,"featured_media":0,"comment_status":"","ping_status":"","sticky":false,"template":"","format":"standard","meta":{"footnotes":""},"categories":[3],"tags":[],"class_list":["post-1937","post","type-post","status-publish","format-standard","hentry","category-noticias"],"_links":{"self":[{"href":"https:\/\/hostnetart.com.br\/baixada\/wp-json\/wp\/v2\/posts\/1937","targetHints":{"allow":["GET"]}}],"collection":[{"href":"https:\/\/hostnetart.com.br\/baixada\/wp-json\/wp\/v2\/posts"}],"about":[{"href":"https:\/\/hostnetart.com.br\/baixada\/wp-json\/wp\/v2\/types\/post"}],"author":[{"embeddable":true,"href":"https:\/\/hostnetart.com.br\/baixada\/wp-json\/wp\/v2\/users\/1"}],"replies":[{"embeddable":true,"href":"https:\/\/hostnetart.com.br\/baixada\/wp-json\/wp\/v2\/comments?post=1937"}],"version-history":[{"count":0,"href":"https:\/\/hostnetart.com.br\/baixada\/wp-json\/wp\/v2\/posts\/1937\/revisions"}],"wp:attachment":[{"href":"https:\/\/hostnetart.com.br\/baixada\/wp-json\/wp\/v2\/media?parent=1937"}],"wp:term":[{"taxonomy":"category","embeddable":true,"href":"https:\/\/hostnetart.com.br\/baixada\/wp-json\/wp\/v2\/categories?post=1937"},{"taxonomy":"post_tag","embeddable":true,"href":"https:\/\/hostnetart.com.br\/baixada\/wp-json\/wp\/v2\/tags?post=1937"}],"curies":[{"name":"wp","href":"https:\/\/api.w.org\/{rel}","templated":true}]}}