{"id":1932,"date":"2016-04-18T00:00:00","date_gmt":"2016-04-18T03:00:00","guid":{"rendered":"https:\/\/hostnetart.com.br\/baixada\/bradesco-sofre-processo-milionario-por-cometer-assedio-moral-contra-trabalhadores\/"},"modified":"2016-04-18T00:00:00","modified_gmt":"2016-04-18T03:00:00","slug":"bradesco-sofre-processo-milionario-por-cometer-assedio-moral-contra-trabalhadores","status":"publish","type":"post","link":"https:\/\/hostnetart.com.br\/baixada\/bradesco-sofre-processo-milionario-por-cometer-assedio-moral-contra-trabalhadores\/","title":{"rendered":"Bradesco sofre processo milion\u00e1rio por cometer ass\u00e9dio moral contra trabalhadores"},"content":{"rendered":"<p>No caso mais grave, chefe sugeriu que empregada utilizasse sua \u2018beleza f\u00edsica\u2019 para cumprir meta de vendas; MPT pede condena\u00e7\u00e3o do grupo em R$ 5 milh\u00f5es<\/p>\n<p>O Minist\u00e9rio P\u00fablico do Trabalho em Alagoas pediu \u00e0 justi\u00e7a trabalhista a condena\u00e7\u00e3o das empresas Banco Bradesco e Bradesco Vida e Previd\u00eancia por submeter trabalhadores a situa\u00e7\u00f5es discriminat\u00f3rias e vexat\u00f3rias \u2013 condutas que caracterizam ass\u00e9dio moral. O MPT constatou que corretores de vendas da sucursal do Bradesco em Macei\u00f3 eram constrangidos constantemente quando n\u00e3o atingiam metas de vendas.<\/p>\n<p>De acordo com a A\u00e7\u00e3o Civil P\u00fablica ajuizada pelo procurador do Trabalho Rodrigo Alencar, os superiores hier\u00e1rquicos do Bradesco Vida e Previd\u00eancia cometiam abusos morais contra os empregados ao adotar condutas desrespeitosas, constrangedoras e humilhantes, tais como acusa\u00e7\u00f5es infundadas, insultos e intimida\u00e7\u00f5es, aplicando \u201cbrincadeiras\u201d e promovendo competi\u00e7\u00f5es que afetam a autoestima dos empregados. Os trabalhadores eram chamados de pregui\u00e7osos, incompetentes e alguns eram intitulados de \u201cc\u00e2ncer da sucursal\u201d.<\/p>\n<p>No caso mais grave, chegando a ser absurdo, segundo Rodrigo Alencar, o superintendente do Bradesco Vida e Previd\u00eancia sugeriu que uma empregada utilizasse sua \u2018beleza f\u00edsica\u2019 \u2013 que se prostitu\u00edsse, em outras palavras \u2013 para se manter no emprego, j\u00e1 que n\u00e3o tinha compet\u00eancia para cumprir a meta estabelecida. Um outro empregado, insultado diversas vezes de \u2018Tartaruguinha\u2019 por ser deficiente f\u00edsico, foi afastado do trabalho em decorr\u00eancia do estresse.<\/p>\n<p>Segundo Alencar, percebe-se claramente o terrorismo psicol\u00f3gico a que eram e s\u00e3o submetidos os empregados do Bradesco. \u201c\u00c9 inconceb\u00edvel que em pleno s\u00e9culo vinte e um sejam aceitas condutas perversas como as protagonizadas pelo Bradesco. A omiss\u00e3o, toler\u00e2ncia e permissividade ao terror psicol\u00f3gico praticadas pela empresa torna o trabalho um sistema perverso em que tudo \u00e9 poss\u00edvel para alcan\u00e7ar seus objetivos, inclusive destruir indiv\u00edduos\u201d, disse.<\/p>\n<p>Al\u00e9m das humilha\u00e7\u00f5es e press\u00e3o psicol\u00f3gicas sofridas no ambiente de trabalho, o ass\u00e9dio moral causa no trabalhador diversos transtornos ps\u00edquicos. Os mais comuns s\u00e3o depress\u00e3o, palpita\u00e7\u00f5es, tremores, dist\u00farbios do sono, hipertens\u00e3o, dist\u00farbios digestivos, dores generalizadas, altera\u00e7\u00e3o da libido e pensamentos ou tentativas de suic\u00eddios.<\/p>\n<p>Pedidos \u00e0 justi\u00e7a<\/p>\n<p>Diante do caso claro de ass\u00e9dio moral, o Minist\u00e9rio P\u00fablico do Trabalho requer \u00e0 justi\u00e7a, em car\u00e1ter liminar, que a empresa Bradesco Vida e Previd\u00eancia seja obrigada a implementar todas as medidas necess\u00e1rias para coibir o ass\u00e9dio moral na empresa. Todos os representantes que possuam poder hier\u00e1rquico \u2013 administradores, diretores, gerentes e outros \u2013 devem ser proibidos de humilhar, intimidar, perseguir, ofender, criar boatos, utilizar pr\u00e1ticas dissimuladas, agredir f\u00edsica ou moralmente os trabalhadores, ou de submet\u00ea-los a constrangimento que atentem contra a honra, a moral e \u00e0 dignidade da pessoa humana.<\/p>\n<p>Em caso de descumprimento, o MPT requer que a empresa pague, no m\u00ednimo, R$ 50 mil de multa por trabalhador prejudicado. Se pago, os valores ser\u00e3o revertidos ao Fundo de Amparo ao Trabalhador (FAT) ou a institui\u00e7\u00e3o sem fins lucrativos.<\/p>\n<p>Em car\u00e1ter definitivo, o Minist\u00e9rio P\u00fablico do Trabalho pede que o Banco Bradesco e o Bradesco Vida e Previd\u00eancia sejam condenados, solidariamente, a pagar indeniza\u00e7\u00e3o de R$ 5 milh\u00f5es por dano moral coletivo. Em caso de condena\u00e7\u00e3o, o valor ser\u00e1 revertido ao FAT ou a uma institui\u00e7\u00e3o filantr\u00f3pica.<\/p>\n<p>Reincidente<\/p>\n<p>O Grupo Econ\u00f4mico Bradesco \u2013 segundo maior banco privado do pa\u00eds, com lucro l\u00edquido de R$ 15 bilh\u00f5es, segundo reportagem publicada em 2015 na imprensa \u2013 \u00e9 reincidente nacional na pr\u00e1tica de ass\u00e9dio moral contra seus trabalhadores. Al\u00e9m de Alagoas, a Bahia, o Paran\u00e1 e outros estados j\u00e1 registraram casos de ass\u00e9dio moral no Bradesco.<\/p>\n<p>\u00a0<\/p>\n<p>Fonte: Minist\u00e9rio P\u00fablico do Trabalho em Alagoas<\/p>\n","protected":false},"excerpt":{"rendered":"<p>No caso mais grave, chefe sugeriu que empregada utilizasse sua \u2018beleza f\u00edsica\u2019 para cumprir meta de vendas; MPT pede condena\u00e7\u00e3o do grupo em R$ 5 milh\u00f5es O Minist\u00e9rio P\u00fablico do Trabalho em Alagoas pediu \u00e0 justi\u00e7a trabalhista a condena\u00e7\u00e3o das empresas Banco Bradesco e Bradesco Vida e Previd\u00eancia por submeter trabalhadores a situa\u00e7\u00f5es discriminat\u00f3rias e [&hellip;]<\/p>\n","protected":false},"author":1,"featured_media":0,"comment_status":"","ping_status":"","sticky":false,"template":"","format":"standard","meta":{"footnotes":""},"categories":[3],"tags":[],"class_list":["post-1932","post","type-post","status-publish","format-standard","hentry","category-noticias"],"_links":{"self":[{"href":"https:\/\/hostnetart.com.br\/baixada\/wp-json\/wp\/v2\/posts\/1932","targetHints":{"allow":["GET"]}}],"collection":[{"href":"https:\/\/hostnetart.com.br\/baixada\/wp-json\/wp\/v2\/posts"}],"about":[{"href":"https:\/\/hostnetart.com.br\/baixada\/wp-json\/wp\/v2\/types\/post"}],"author":[{"embeddable":true,"href":"https:\/\/hostnetart.com.br\/baixada\/wp-json\/wp\/v2\/users\/1"}],"replies":[{"embeddable":true,"href":"https:\/\/hostnetart.com.br\/baixada\/wp-json\/wp\/v2\/comments?post=1932"}],"version-history":[{"count":0,"href":"https:\/\/hostnetart.com.br\/baixada\/wp-json\/wp\/v2\/posts\/1932\/revisions"}],"wp:attachment":[{"href":"https:\/\/hostnetart.com.br\/baixada\/wp-json\/wp\/v2\/media?parent=1932"}],"wp:term":[{"taxonomy":"category","embeddable":true,"href":"https:\/\/hostnetart.com.br\/baixada\/wp-json\/wp\/v2\/categories?post=1932"},{"taxonomy":"post_tag","embeddable":true,"href":"https:\/\/hostnetart.com.br\/baixada\/wp-json\/wp\/v2\/tags?post=1932"}],"curies":[{"name":"wp","href":"https:\/\/api.w.org\/{rel}","templated":true}]}}