{"id":1931,"date":"2016-04-12T00:00:00","date_gmt":"2016-04-12T03:00:00","guid":{"rendered":"https:\/\/hostnetart.com.br\/baixada\/contraf-cut-solicita-a-fenaban-a-vacinacao-de-todos-os-funcionarios-contra-o-h1n1\/"},"modified":"2016-04-12T00:00:00","modified_gmt":"2016-04-12T03:00:00","slug":"contraf-cut-solicita-a-fenaban-a-vacinacao-de-todos-os-funcionarios-contra-o-h1n1","status":"publish","type":"post","link":"https:\/\/hostnetart.com.br\/baixada\/contraf-cut-solicita-a-fenaban-a-vacinacao-de-todos-os-funcionarios-contra-o-h1n1\/","title":{"rendered":"Contraf-CUT solicita \u00e0 Fenaban a vacina\u00e7\u00e3o de todos os funcion\u00e1rios contra o H1N1"},"content":{"rendered":"<p>J\u00e1 foram registradas 70 mortes por H1N1 no estado de S\u00e3o Paulo e 537 casos da doen\u00e7a<\/p>\n<p>A Contraf-CUT enviou of\u00edcio \u00e0 Fenaban, nesta segunda-feira (11), solicitando que todas as institui\u00e7\u00f5es financeiras procedam com a oferta de vacina\u00e7\u00e3o pr\u00f3pria contra o v\u00edrus H1N1, a todos os seus trabalhadores, bem como aqueles contratados por empresas terceiras que compartilhem os mesmos espa\u00e7os nos bancos.<\/p>\n<p>A Confedera\u00e7\u00e3o salienta que os ambientes fechados e densamente ocupados, como as ag\u00eancias banc\u00e1rias, comp\u00f5em o cen\u00e1rio para a difus\u00e3o do cont\u00e1gio.<\/p>\n<p>\u201cAlgumas institui\u00e7\u00f5es financeiras associadas \u00e0 Fenaban j\u00e1 praticam a medida preventiva, com vacina\u00e7\u00e3o interna e gratuita, o que consideramos positivo. O fato \u00e9 que esta pr\u00e1tica n\u00e3o \u00e9 uniforme no sistema financeiro e considerando que os locais de trabalho, rede de ag\u00eancias e departamentos, apresentam elevada frequ\u00eancia e fluxo de pessoas, a exposi\u00e7\u00e3o dos banc\u00e1rios e banc\u00e1rias \u00e9 potencializada. Com o avan\u00e7o da doen\u00e7a, solicitamos que todas as institui\u00e7\u00f5es financeiras vacinem seus funcion\u00e1rios\u201d, explica Roberto von der Osten, presidente da Contraf-CUT.<\/p>\n<p>A situa\u00e7\u00e3o \u00e9 preocupante, j\u00e1 foram registradas 70 mortes por H1N1 no estado de S\u00e3o Paulo e 537 casos da doen\u00e7a. \u201cEsperamos agora um retorno positivo da Fenaban. A vacina\u00e7\u00e3o ajudar\u00e1 a combater o n\u00famero de casos, de uma forma geral\u201d, conclui Roberto von der Osten<\/p>\n<p>Acesse aqui o of\u00edcio<\/p>\n<p>Fonte: Contraf-CUT<\/p>\n","protected":false},"excerpt":{"rendered":"<p>J\u00e1 foram registradas 70 mortes por H1N1 no estado de S\u00e3o Paulo e 537 casos da doen\u00e7a A Contraf-CUT enviou of\u00edcio \u00e0 Fenaban, nesta segunda-feira (11), solicitando que todas as institui\u00e7\u00f5es financeiras procedam com a oferta de vacina\u00e7\u00e3o pr\u00f3pria contra o v\u00edrus H1N1, a todos os seus trabalhadores, bem como aqueles contratados por empresas terceiras [&hellip;]<\/p>\n","protected":false},"author":1,"featured_media":0,"comment_status":"","ping_status":"","sticky":false,"template":"","format":"standard","meta":{"footnotes":""},"categories":[3],"tags":[],"class_list":["post-1931","post","type-post","status-publish","format-standard","hentry","category-noticias"],"_links":{"self":[{"href":"https:\/\/hostnetart.com.br\/baixada\/wp-json\/wp\/v2\/posts\/1931","targetHints":{"allow":["GET"]}}],"collection":[{"href":"https:\/\/hostnetart.com.br\/baixada\/wp-json\/wp\/v2\/posts"}],"about":[{"href":"https:\/\/hostnetart.com.br\/baixada\/wp-json\/wp\/v2\/types\/post"}],"author":[{"embeddable":true,"href":"https:\/\/hostnetart.com.br\/baixada\/wp-json\/wp\/v2\/users\/1"}],"replies":[{"embeddable":true,"href":"https:\/\/hostnetart.com.br\/baixada\/wp-json\/wp\/v2\/comments?post=1931"}],"version-history":[{"count":0,"href":"https:\/\/hostnetart.com.br\/baixada\/wp-json\/wp\/v2\/posts\/1931\/revisions"}],"wp:attachment":[{"href":"https:\/\/hostnetart.com.br\/baixada\/wp-json\/wp\/v2\/media?parent=1931"}],"wp:term":[{"taxonomy":"category","embeddable":true,"href":"https:\/\/hostnetart.com.br\/baixada\/wp-json\/wp\/v2\/categories?post=1931"},{"taxonomy":"post_tag","embeddable":true,"href":"https:\/\/hostnetart.com.br\/baixada\/wp-json\/wp\/v2\/tags?post=1931"}],"curies":[{"name":"wp","href":"https:\/\/api.w.org\/{rel}","templated":true}]}}