{"id":1926,"date":"2016-03-24T00:00:00","date_gmt":"2016-03-24T03:00:00","guid":{"rendered":"https:\/\/hostnetart.com.br\/baixada\/emprego-e-agenda-sindical-foram-os-temas-da-reuniao-entre-a-contraf-cut-e-o-banco-itau\/"},"modified":"2016-03-24T00:00:00","modified_gmt":"2016-03-24T03:00:00","slug":"emprego-e-agenda-sindical-foram-os-temas-da-reuniao-entre-a-contraf-cut-e-o-banco-itau","status":"publish","type":"post","link":"https:\/\/hostnetart.com.br\/baixada\/emprego-e-agenda-sindical-foram-os-temas-da-reuniao-entre-a-contraf-cut-e-o-banco-itau\/","title":{"rendered":"Emprego e agenda sindical foram os temas da reuni\u00e3o entre a Contraf-CUT e o banco Ita\u00fa"},"content":{"rendered":"<p>Em reuni\u00e3o nesta quarta-feira (23), em S\u00e3o Paulo, entre a Contraf-CUT, federa\u00e7\u00f5es, sindicatos e o banco Ita\u00fa, os representantes dos trabalhadores debateram sobre o tema emprego e uma agenda sindical permanente com a institui\u00e7\u00e3o financeira.<\/p>\n<p>Na ocasi\u00e3o, o banco demonstrou o n\u00famero de exonera\u00e7\u00f5es ocorridas no ano de 2015. Segundo o Ita\u00fa, o \u00edndice ficou abaixo de 10%. \u201cConsideramos uma porcentagem muito alta quando comparada \u00e0 lucratividade do banco. Somente no ano passado, o Ita\u00fa obteve um dos maiores lucros da sua hist\u00f3ria, na casa de R$ 23,8 bilh\u00f5es\u201d, ressaltou o presidente da Contraf-CUT, Roberto von der Osten.<\/p>\n<p>Devido \u00e0 onda de demiss\u00f5es que ocorreu no final do ano passado, os dirigentes sindicais cobraram do Ita\u00fa reuni\u00f5es peri\u00f3dicas para tratar da manuten\u00e7\u00e3o de empregos. \u201cO \u00edndice de demiss\u00f5es vem crescendo devido ao novo modelo que o banco vem implementando de ag\u00eancias digitais, al\u00e9m da reestrutura\u00e7\u00e3o na Atec (\u00e1rea de tecnologia) do Ita\u00fa. Por isso, a diminui\u00e7\u00e3o da rentabilidade das ag\u00eancias de varejo vem diminuindo cada vez mais os postos de trabalho\u201d, disse Jair Alves Santos, coordenador da Comiss\u00e3o de Organiza\u00e7\u00e3o dos Empregados (COE) do Ita\u00fa.<\/p>\n<p>O banco prop\u00f4s manter uma mesa de negocia\u00e7\u00f5es para debater v\u00e1rios pontos, tais como jornada de trabalho, sa\u00fade, emprego, ag\u00eancias digitais, entre outros. A expectativa dos representantes dos banc\u00e1rios \u00e9 de que estas reuni\u00f5es aconte\u00e7am entre uma ou duas vezes por m\u00eas.<\/p>\n<p>Sobre o tema jornada de trabalho, o banco anunciou que est\u00e1 aperfei\u00e7oando o novo modelo do ponto eletr\u00f4nico, para evitar que os funcion\u00e1rios ultrapassem duas horas excedentes (horas-extras). \u201cPara diminuir esta preocupa\u00e7\u00e3o e para que o banco n\u00e3o sobrecarregue seus funcion\u00e1rios, acreditamos que \u00e9 poss\u00edvel aumentar as contrata\u00e7\u00f5es ao inv\u00e9s de diminuir, como vem ocorrendo\u201d, concluiu Jair.<\/p>\n<p>A Contraf-CUT entregou um of\u00edcio solicitando as seguintes informa\u00e7\u00f5es: o n\u00famero de ag\u00eancias digitais em funcionamento; endere\u00e7o de todas essas ag\u00eancias; n\u00famero de empregados lotados por ag\u00eancia digital, banc\u00e1rios e terceirizados e jornada de trabalho de todos os trabalhadores lotados nas ag\u00eancias digitais.<\/p>\n<p>\u201cA necessidade de termos esses dados, destes locais de trabalho e o n\u00famero de banc\u00e1rios, \u00e9 de extrema import\u00e2ncia para que possamos abrir um debate que envolva jornada de trabalho dos funcion\u00e1rios, al\u00e9m da quest\u00e3o da sa\u00fade dos trabalhadores\u201d, destacou a presidenta do Sindicato dos Banc\u00e1rios do Rio de Janeiro, Adriana Nalesso.<\/p>\n<p>A pr\u00f3xima reuni\u00e3o acontecer\u00e1 no in\u00edcio de abril, com data a confirmar.<\/p>\n<p>Lucro X Demiss\u00f5es<\/p>\n<p>O Ita\u00fa obteve em 2015 o maior lucro anual da hist\u00f3ria de um banco registrado at\u00e9 hoje, de R$ 23,8 bilh\u00f5es, aumento de 15,6% em rela\u00e7\u00e3o ao resultado do ano anterior, superando seu pr\u00f3prio recorde de 2014.<\/p>\n<p>Apesar do excelente desempenho, o banco reduziu 2.711 postos de trabalho, contribuindo para o aumento do desemprego no pa\u00eds e para a piora das condi\u00e7\u00f5es de trabalho em suas unidades.<\/p>\n<p>Segue, abaixo, o of\u00edcio dos representantes dos funcion\u00e1rios entregue ao banco Ita\u00fa.<\/p>\n","protected":false},"excerpt":{"rendered":"<p>Em reuni\u00e3o nesta quarta-feira (23), em S\u00e3o Paulo, entre a Contraf-CUT, federa\u00e7\u00f5es, sindicatos e o banco Ita\u00fa, os representantes dos trabalhadores debateram sobre o tema emprego e uma agenda sindical permanente com a institui\u00e7\u00e3o financeira. Na ocasi\u00e3o, o banco demonstrou o n\u00famero de exonera\u00e7\u00f5es ocorridas no ano de 2015. Segundo o Ita\u00fa, o \u00edndice ficou [&hellip;]<\/p>\n","protected":false},"author":1,"featured_media":0,"comment_status":"","ping_status":"","sticky":false,"template":"","format":"standard","meta":{"footnotes":""},"categories":[3],"tags":[],"class_list":["post-1926","post","type-post","status-publish","format-standard","hentry","category-noticias"],"_links":{"self":[{"href":"https:\/\/hostnetart.com.br\/baixada\/wp-json\/wp\/v2\/posts\/1926","targetHints":{"allow":["GET"]}}],"collection":[{"href":"https:\/\/hostnetart.com.br\/baixada\/wp-json\/wp\/v2\/posts"}],"about":[{"href":"https:\/\/hostnetart.com.br\/baixada\/wp-json\/wp\/v2\/types\/post"}],"author":[{"embeddable":true,"href":"https:\/\/hostnetart.com.br\/baixada\/wp-json\/wp\/v2\/users\/1"}],"replies":[{"embeddable":true,"href":"https:\/\/hostnetart.com.br\/baixada\/wp-json\/wp\/v2\/comments?post=1926"}],"version-history":[{"count":0,"href":"https:\/\/hostnetart.com.br\/baixada\/wp-json\/wp\/v2\/posts\/1926\/revisions"}],"wp:attachment":[{"href":"https:\/\/hostnetart.com.br\/baixada\/wp-json\/wp\/v2\/media?parent=1926"}],"wp:term":[{"taxonomy":"category","embeddable":true,"href":"https:\/\/hostnetart.com.br\/baixada\/wp-json\/wp\/v2\/categories?post=1926"},{"taxonomy":"post_tag","embeddable":true,"href":"https:\/\/hostnetart.com.br\/baixada\/wp-json\/wp\/v2\/tags?post=1926"}],"curies":[{"name":"wp","href":"https:\/\/api.w.org\/{rel}","templated":true}]}}