{"id":1923,"date":"2016-03-17T00:00:00","date_gmt":"2016-03-17T03:00:00","guid":{"rendered":"https:\/\/hostnetart.com.br\/baixada\/empregados-vao-realizar-dia-nacional-de-luta-contra-reestruturacao-da-caixa-em-24-de-marco\/"},"modified":"2016-03-17T00:00:00","modified_gmt":"2016-03-17T03:00:00","slug":"empregados-vao-realizar-dia-nacional-de-luta-contra-reestruturacao-da-caixa-em-24-de-marco","status":"publish","type":"post","link":"https:\/\/hostnetart.com.br\/baixada\/empregados-vao-realizar-dia-nacional-de-luta-contra-reestruturacao-da-caixa-em-24-de-marco\/","title":{"rendered":"Empregados v\u00e3o realizar Dia Nacional de Luta contra reestrutura\u00e7\u00e3o da Caixa em 24 de mar\u00e7o"},"content":{"rendered":"<div class=\"content\">\n<p>Nada de reestrutura\u00e7\u00e3o! O que os trabalhadores da Caixa Econ\u00f4mica Federal querem \u00e9 mais contrata\u00e7\u00f5es e melhores condi\u00e7\u00f5es de trabalho nas unidades. Este ser\u00e1 o recado que a categoria dar\u00e1 em todo o pa\u00eds durante o Dia Nacional de Luta, programado para 24 de mar\u00e7o, para protestar contra o desrespeito e descaso do banco.<\/p>\n<p>A mobiliza\u00e7\u00e3o \u00e9 uma das a\u00e7\u00f5es definidas pela Comiss\u00e3o Executiva dos Empregados (CEE\/Caixa), que assessora a Contraf-CUT nas negocia\u00e7\u00f5es com a empresa, em reuni\u00e3o realizada nesta ter\u00e7a-feira (15), na sede da Fenae, em Bras\u00edlia (DF). A orienta\u00e7\u00e3o \u00e9 que sindicatos e federa\u00e7\u00f5es realizem atividades, como retardamento de abertura de ag\u00eancias e paralisa\u00e7\u00f5es, para cobrar da empresa a suspens\u00e3o das medidas e a retomada do di\u00e1logo.<\/p>\n<p>\u201cN\u00e3o precisamos dessa reestrutura\u00e7\u00e3o, que est\u00e1 sendo colocada em pr\u00e1tica de forma unilateral e arbitr\u00e1ria pela Caixa. Exigimos do banco o cumprimento do que foi acordado em mesa de negocia\u00e7\u00e3o, que \u00e9 a contrata\u00e7\u00e3o de mais empregados para reduzir a sobrecarga e melhorias nas condi\u00e7\u00f5es de trabalho\u201d, afirma Gen\u00e9sio Cardoso, membro da CEE e diretor do Sindicato dos Banc\u00e1rios de Curitiba e Regi\u00e3o. Ele acrescenta: \u201cA import\u00e2ncia da categoria nas mobiliza\u00e7\u00f5es \u00e9 fundamental para que possamos barrar esse processo\u201d.<\/p>\n<p>A Comiss\u00e3o dos Empregados reuniu-se extraordinariamente para debater estrat\u00e9gias de mobiliza\u00e7\u00e3o contra as medidas de reestrutura\u00e7\u00e3o, anunciadas pela presidente da empresa, Miriam Belchior, no dia 10 de mar\u00e7o. No encontro, tamb\u00e9m foi avaliada a repercuss\u00e3o desse processo nas unidades de todo o pa\u00eds. Segundo relatos dos membros da CEE, o clima \u00e9 de apreens\u00e3o. Na matriz, em Bras\u00edlia, a situa\u00e7\u00e3o \u00e9 ainda pior, pois os empregados est\u00e3o amedrontados, por conta da falta de informa\u00e7\u00f5es claras de como se dar\u00e3o as modifica\u00e7\u00f5es.<\/p>\n<p>Na reuni\u00e3o que teve em 10 de mar\u00e7o com dirigentes de entidades do movimento sindical e associativo, Miriam Belchior n\u00e3o teceu detalhes sobre o modelo de reestrutura\u00e7\u00e3o e se negou a ouvir as argumenta\u00e7\u00f5es das representa\u00e7\u00f5es dos empregados. No mesmo dia, uma mensagem do Conselho Diretor foi repassada aos trabalhadores, informando sobre o in\u00edcio do processo, mas sem esclarecer sobre o que realmente seria feito a partir daquela data.<\/p>\n<p>No texto enviado aos cerca de 96 mil trabalhadores, a Caixa comprometeu-se apenas com o asseguramento estendido por 60 dias; a incorpora\u00e7\u00e3o de fun\u00e7\u00e3o segundo as regras vigentes; e avalia\u00e7\u00e3o de perfil e reambienta\u00e7\u00e3o do empregado. No comunicado, por\u00e9m, n\u00e3o informou o n\u00famero de trabalhadores envolvidos, quais unidades ser\u00e3o afetadas e ainda se haver\u00e1 descomissionamentos.<\/p>\n<p>A CEE\/Caixa condenou a postura da dire\u00e7\u00e3o, que adota medidas que podem comprometer a atua\u00e7\u00e3o da empresa. \u201cEstamos vivendo um momento de mobiliza\u00e7\u00e3o pela Caixa 100% p\u00fablica e fortalecida para dar continuidade \u00e0s pol\u00edticas p\u00fablicas, e que garanta condi\u00e7\u00f5es de trabalho dignas aos seus empregados\u201d, ressalta Fabiana Uehara, representante da Contraf-CUT na Comiss\u00e3o Executiva. Gen\u00e9sio Cardoso volta a cobrar o detalhamento da reestrutura\u00e7\u00e3o. \u201cEsperamos que o banco mude a postura intransigente que tem adotado at\u00e9 agora, para que assim possamos acompanhar e defender os trabalhadores\u201d, diz.<\/p>\n<p>Segundo a Caixa, o modelo de reestrutura\u00e7\u00e3o come\u00e7ou a ser elaborado no final de novembro de 2015. Apesar dos ineg\u00e1veis impactos na vida da categoria, est\u00e1 sendo executado unilateralmente e arbitrariamente na matriz e filiais e, posteriormente, dever\u00e1 ser estendido para as ag\u00eancias. O prazo de conclus\u00e3o na matriz \u00e9 15 de abril.<\/p>\n<p>\u201cN\u00e3o vamos admitir retrocessos e preju\u00edzos aos empregados. \u00c9 fundamental que os trabalhadores que se sintam prejudicados procurem seus sindicatos e repassem os problemas que est\u00e3o ocorrendo. Uma injusti\u00e7a feita a um \u00e9 uma injusti\u00e7a feita a todos. \u00c9 momento de solidariedade e de mobiliza\u00e7\u00e3o\u201d, enfatiza Fabiana Uehara.<\/p>\n<p>\u00a0<\/p>\n<\/div>\n<p id=\"page-author\">Fonte: Contraf-CUT com Fenae<\/p>\n","protected":false},"excerpt":{"rendered":"<p>Nada de reestrutura\u00e7\u00e3o! O que os trabalhadores da Caixa Econ\u00f4mica Federal querem \u00e9 mais contrata\u00e7\u00f5es e melhores condi\u00e7\u00f5es de trabalho nas unidades. Este ser\u00e1 o recado que a categoria dar\u00e1 em todo o pa\u00eds durante o Dia Nacional de Luta, programado para 24 de mar\u00e7o, para protestar contra o desrespeito e descaso do banco. A [&hellip;]<\/p>\n","protected":false},"author":1,"featured_media":0,"comment_status":"","ping_status":"","sticky":false,"template":"","format":"standard","meta":{"footnotes":""},"categories":[3],"tags":[],"class_list":["post-1923","post","type-post","status-publish","format-standard","hentry","category-noticias"],"_links":{"self":[{"href":"https:\/\/hostnetart.com.br\/baixada\/wp-json\/wp\/v2\/posts\/1923","targetHints":{"allow":["GET"]}}],"collection":[{"href":"https:\/\/hostnetart.com.br\/baixada\/wp-json\/wp\/v2\/posts"}],"about":[{"href":"https:\/\/hostnetart.com.br\/baixada\/wp-json\/wp\/v2\/types\/post"}],"author":[{"embeddable":true,"href":"https:\/\/hostnetart.com.br\/baixada\/wp-json\/wp\/v2\/users\/1"}],"replies":[{"embeddable":true,"href":"https:\/\/hostnetart.com.br\/baixada\/wp-json\/wp\/v2\/comments?post=1923"}],"version-history":[{"count":0,"href":"https:\/\/hostnetart.com.br\/baixada\/wp-json\/wp\/v2\/posts\/1923\/revisions"}],"wp:attachment":[{"href":"https:\/\/hostnetart.com.br\/baixada\/wp-json\/wp\/v2\/media?parent=1923"}],"wp:term":[{"taxonomy":"category","embeddable":true,"href":"https:\/\/hostnetart.com.br\/baixada\/wp-json\/wp\/v2\/categories?post=1923"},{"taxonomy":"post_tag","embeddable":true,"href":"https:\/\/hostnetart.com.br\/baixada\/wp-json\/wp\/v2\/tags?post=1923"}],"curies":[{"name":"wp","href":"https:\/\/api.w.org\/{rel}","templated":true}]}}