{"id":1921,"date":"2016-03-17T00:00:00","date_gmt":"2016-03-17T03:00:00","guid":{"rendered":"https:\/\/hostnetart.com.br\/baixada\/contraf-cut-parabeniza-os-bancarios-e-entidades-sindicais-pela-vitoria-contra-o-pls-555\/"},"modified":"2016-03-17T00:00:00","modified_gmt":"2016-03-17T03:00:00","slug":"contraf-cut-parabeniza-os-bancarios-e-entidades-sindicais-pela-vitoria-contra-o-pls-555","status":"publish","type":"post","link":"https:\/\/hostnetart.com.br\/baixada\/contraf-cut-parabeniza-os-bancarios-e-entidades-sindicais-pela-vitoria-contra-o-pls-555\/","title":{"rendered":"Contraf-CUT parabeniza os banc\u00e1rios e entidades sindicais pela vit\u00f3ria contra o PLS 555"},"content":{"rendered":"<p>Mais uma vez a mobiliza\u00e7\u00e3o dos trabalhadores barrou uma investida do Congresso Nacional contra direitos e contra o patrim\u00f4nio do povo brasileiro. Mobiliza\u00e7\u00f5es e a\u00e7\u00f5es em todas as bases sindicais e a press\u00e3o feita sobre parlamentares mudaram a hist\u00f3ria e resultaram num projeto substitutivo que avan\u00e7ou em rela\u00e7\u00e3o ao projeto inicial.<\/p>\n<p>Na conjuntura adversa, o movimento sindical banc\u00e1rio teve um alento contra a pauta bomba do Congresso Nacional e uma confirma\u00e7\u00e3o de que lutar vale a pena.<\/p>\n<p>O Comit\u00ea Nacional em Defesa das Empresas P\u00fablicas, do qual a Contraf-CUT faz parte, juntamente com a Fenae, FUP e Centrais Sindicais, mostrou-se um acerto e ferramenta fundamental nesta resist\u00eancia.<\/p>\n<p>Queremos homenagear, de forma particular, as nossas federa\u00e7\u00f5es e sindicatos de banc\u00e1rios que atenderam prontamente \u00e0s convoca\u00e7\u00f5es para ir a Bras\u00edlia defender nossos direitos. Tamb\u00e9m parabenizamos a nossa dirigente da Contraf-CUT, Rita Serrano, coordenadora do Comit\u00ea Nacional em Defesa das Empresas P\u00fablicas, pela sua lideran\u00e7a e perseveran\u00e7a.<\/p>\n<p>Foi uma luta de muitos, e muito ainda precisa ser defendido.<\/p>\n<p>Estaremos l\u00e1!<\/p>\n<p>Roberto von der Osten<\/p>\n<p>Presidente da Contraf-CUT<\/p>\n<p>\u00a0<\/p>\n<p>Confira aqui as informa\u00e7\u00f5es do Comit\u00ea Nacional em Defesa das Empresas P\u00fablicas sobre a vota\u00e7\u00e3o no Senado do PLS 555 nesta ter\u00e7a-feira (15) e a constru\u00e7\u00e3o de um substitutivo que resultou em avan\u00e7os.<\/p>\n<p>Fonte: Contraf-CUT<\/p>\n","protected":false},"excerpt":{"rendered":"<p>Mais uma vez a mobiliza\u00e7\u00e3o dos trabalhadores barrou uma investida do Congresso Nacional contra direitos e contra o patrim\u00f4nio do povo brasileiro. Mobiliza\u00e7\u00f5es e a\u00e7\u00f5es em todas as bases sindicais e a press\u00e3o feita sobre parlamentares mudaram a hist\u00f3ria e resultaram num projeto substitutivo que avan\u00e7ou em rela\u00e7\u00e3o ao projeto inicial. Na conjuntura adversa, o [&hellip;]<\/p>\n","protected":false},"author":1,"featured_media":0,"comment_status":"","ping_status":"","sticky":false,"template":"","format":"standard","meta":{"footnotes":""},"categories":[3],"tags":[],"class_list":["post-1921","post","type-post","status-publish","format-standard","hentry","category-noticias"],"_links":{"self":[{"href":"https:\/\/hostnetart.com.br\/baixada\/wp-json\/wp\/v2\/posts\/1921","targetHints":{"allow":["GET"]}}],"collection":[{"href":"https:\/\/hostnetart.com.br\/baixada\/wp-json\/wp\/v2\/posts"}],"about":[{"href":"https:\/\/hostnetart.com.br\/baixada\/wp-json\/wp\/v2\/types\/post"}],"author":[{"embeddable":true,"href":"https:\/\/hostnetart.com.br\/baixada\/wp-json\/wp\/v2\/users\/1"}],"replies":[{"embeddable":true,"href":"https:\/\/hostnetart.com.br\/baixada\/wp-json\/wp\/v2\/comments?post=1921"}],"version-history":[{"count":0,"href":"https:\/\/hostnetart.com.br\/baixada\/wp-json\/wp\/v2\/posts\/1921\/revisions"}],"wp:attachment":[{"href":"https:\/\/hostnetart.com.br\/baixada\/wp-json\/wp\/v2\/media?parent=1921"}],"wp:term":[{"taxonomy":"category","embeddable":true,"href":"https:\/\/hostnetart.com.br\/baixada\/wp-json\/wp\/v2\/categories?post=1921"},{"taxonomy":"post_tag","embeddable":true,"href":"https:\/\/hostnetart.com.br\/baixada\/wp-json\/wp\/v2\/tags?post=1921"}],"curies":[{"name":"wp","href":"https:\/\/api.w.org\/{rel}","templated":true}]}}