{"id":1916,"date":"2016-03-07T00:00:00","date_gmt":"2016-03-07T03:00:00","guid":{"rendered":"https:\/\/hostnetart.com.br\/baixada\/contraf-cut-solicita-o-agendamento-urgente-de-reuniao-com-o-hsbc\/"},"modified":"2016-03-07T00:00:00","modified_gmt":"2016-03-07T03:00:00","slug":"contraf-cut-solicita-o-agendamento-urgente-de-reuniao-com-o-hsbc","status":"publish","type":"post","link":"https:\/\/hostnetart.com.br\/baixada\/contraf-cut-solicita-o-agendamento-urgente-de-reuniao-com-o-hsbc\/","title":{"rendered":"Contraf-CUT solicita o agendamento urgente de reuni\u00e3o com o HSBC"},"content":{"rendered":"<div class=\"content\">\n<p>Depois dos banc\u00e1rios do HSBC realizarem manifesta\u00e7\u00e3o por todo o pa\u00eds, a Contraf-CUT, representando seus sindicatos e suas federa\u00e7\u00f5es, enviou um of\u00edcio \u00e0 dire\u00e7\u00e3o de RH do banco para solicitar o agendamento urgente de reuni\u00e3o para tratar da divulga\u00e7\u00e3o interna do n\u00e3o pagamento da parcela devida a t\u00edtulo de Participa\u00e7\u00e3o nos Lucros e Resultados \u2013 PLR aos funcion\u00e1rios do HSBC Brasil.<\/p>\n<p>\u201cQueremos esclarecer o assunto com o banco. H\u00e1 um sentimento de indigna\u00e7\u00e3o nas diversas unidades administrativas e na rede de ag\u00eancias quanto \u00e0 esta divulga\u00e7\u00e3o e, por conta, novamente, do risco iminente do n\u00e3o recebimento sobre este resultado constru\u00eddo por todos\u201d, afirmou Roberto von der Osten, presidente da Contraf-CUT.<\/p>\n<\/div>\n<p id=\"page-author\">Fonte: Contraf-CUT<\/p>\n","protected":false},"excerpt":{"rendered":"<p>Depois dos banc\u00e1rios do HSBC realizarem manifesta\u00e7\u00e3o por todo o pa\u00eds, a Contraf-CUT, representando seus sindicatos e suas federa\u00e7\u00f5es, enviou um of\u00edcio \u00e0 dire\u00e7\u00e3o de RH do banco para solicitar o agendamento urgente de reuni\u00e3o para tratar da divulga\u00e7\u00e3o interna do n\u00e3o pagamento da parcela devida a t\u00edtulo de Participa\u00e7\u00e3o nos Lucros e Resultados \u2013 [&hellip;]<\/p>\n","protected":false},"author":1,"featured_media":0,"comment_status":"","ping_status":"","sticky":false,"template":"","format":"standard","meta":{"footnotes":""},"categories":[3],"tags":[],"class_list":["post-1916","post","type-post","status-publish","format-standard","hentry","category-noticias"],"_links":{"self":[{"href":"https:\/\/hostnetart.com.br\/baixada\/wp-json\/wp\/v2\/posts\/1916","targetHints":{"allow":["GET"]}}],"collection":[{"href":"https:\/\/hostnetart.com.br\/baixada\/wp-json\/wp\/v2\/posts"}],"about":[{"href":"https:\/\/hostnetart.com.br\/baixada\/wp-json\/wp\/v2\/types\/post"}],"author":[{"embeddable":true,"href":"https:\/\/hostnetart.com.br\/baixada\/wp-json\/wp\/v2\/users\/1"}],"replies":[{"embeddable":true,"href":"https:\/\/hostnetart.com.br\/baixada\/wp-json\/wp\/v2\/comments?post=1916"}],"version-history":[{"count":0,"href":"https:\/\/hostnetart.com.br\/baixada\/wp-json\/wp\/v2\/posts\/1916\/revisions"}],"wp:attachment":[{"href":"https:\/\/hostnetart.com.br\/baixada\/wp-json\/wp\/v2\/media?parent=1916"}],"wp:term":[{"taxonomy":"category","embeddable":true,"href":"https:\/\/hostnetart.com.br\/baixada\/wp-json\/wp\/v2\/categories?post=1916"},{"taxonomy":"post_tag","embeddable":true,"href":"https:\/\/hostnetart.com.br\/baixada\/wp-json\/wp\/v2\/tags?post=1916"}],"curies":[{"name":"wp","href":"https:\/\/api.w.org\/{rel}","templated":true}]}}