{"id":1915,"date":"2016-03-07T00:00:00","date_gmt":"2016-03-07T03:00:00","guid":{"rendered":"https:\/\/hostnetart.com.br\/baixada\/contraf-cut-orienta-dia-nacional-de-luta-no-bb-contra-modelo-de-reestruturacoes\/"},"modified":"2016-03-07T00:00:00","modified_gmt":"2016-03-07T03:00:00","slug":"contraf-cut-orienta-dia-nacional-de-luta-no-bb-contra-modelo-de-reestruturacoes","status":"publish","type":"post","link":"https:\/\/hostnetart.com.br\/baixada\/contraf-cut-orienta-dia-nacional-de-luta-no-bb-contra-modelo-de-reestruturacoes\/","title":{"rendered":"Contraf-CUT orienta Dia nacional de Luta no BB contra modelo de reestrutura\u00e7\u00f5es"},"content":{"rendered":"<div class=\"content\">\n<p>A Contraf-CUT orienta a todos os Sindicatos e Federa\u00e7\u00f5es\u00a0que comp\u00f5em o Comando Nacional dos Banc\u00e1rios a realizarem, em 15 de mar\u00e7o, um Dia Nacional de Luta contra as reestrutura\u00e7\u00f5es no Banco do Brasil, com fechamento ou retardamento de abertura de ag\u00eancias e unidades internas.<\/p>\n<p>A reestrutura\u00e7\u00e3o promovida pela vice-presid\u00eancia de Servi\u00e7os e Infraestrutura trouxe in\u00fameros problemas \u00e0s banc\u00e1rias e banc\u00e1rios de todo o pa\u00eds, com redu\u00e7\u00e3o de quadro em v\u00e1rias cidades e obrigatoriedade de mudan\u00e7a para outros estados para garantir o mesmo cargo e sal\u00e1rio.<\/p>\n<p>O Banco do Brasil, mesmo ap\u00f3s afirmar em mesa que garantiria a perman\u00eancia dos caixas nas unidades do PSO durante 4 meses de VCP (Verba de Car\u00e1ter Pessoal que complementa o sal\u00e1rio pela perda da fun\u00e7\u00e3o), n\u00e3o cumpriu a promessa e encaminhou os caixas excedentes para as ag\u00eancias. Esta medida inviabilizou a manuten\u00e7\u00e3o dos sal\u00e1rios dos caixas por 4 meses, como j\u00e1 \u00e9 previsto para os outros cargos.<\/p>\n<p>A Contraf-CUT encaminhar\u00e1 orienta\u00e7\u00f5es jur\u00eddicas aos sindicatos para que ingressem com a\u00e7\u00f5es para proteger os caixas que ficarem sem a complementa\u00e7\u00e3o salarial equivalente ao VCP e tamb\u00e9m para outros cargos envolvidos na reestrutura\u00e7\u00e3o.<\/p>\n<p>At\u00e9 momento, o BB n\u00e3o forneceu uma planilha completa com todos os cargos cortados e cidades envolvidas.<\/p>\n<p>Para Wagner Nascimento, coordenador da Comiss\u00e3o de Empresa dos Funcion\u00e1rios, este Dia de Luta \u00e9 para mostrar para a dire\u00e7\u00e3o do banco que os funcion\u00e1rios querem e precisam de garantias nos processos de reestrutura\u00e7\u00e3o. \u201cSabemos que tem outras reestrutura\u00e7\u00f5es em curso e o banco precisa se preocupar mais com os funcion\u00e1rios afetados por essas mudan\u00e7as\u201d, alerta.<\/p>\n<p>\u00a0<\/p>\n<\/div>\n<p id=\"page-author\">Fonte: Contraf-CUT<\/p>\n","protected":false},"excerpt":{"rendered":"<p>A Contraf-CUT orienta a todos os Sindicatos e Federa\u00e7\u00f5es\u00a0que comp\u00f5em o Comando Nacional dos Banc\u00e1rios a realizarem, em 15 de mar\u00e7o, um Dia Nacional de Luta contra as reestrutura\u00e7\u00f5es no Banco do Brasil, com fechamento ou retardamento de abertura de ag\u00eancias e unidades internas. A reestrutura\u00e7\u00e3o promovida pela vice-presid\u00eancia de Servi\u00e7os e Infraestrutura trouxe in\u00fameros [&hellip;]<\/p>\n","protected":false},"author":1,"featured_media":0,"comment_status":"","ping_status":"","sticky":false,"template":"","format":"standard","meta":{"footnotes":""},"categories":[3],"tags":[],"class_list":["post-1915","post","type-post","status-publish","format-standard","hentry","category-noticias"],"_links":{"self":[{"href":"https:\/\/hostnetart.com.br\/baixada\/wp-json\/wp\/v2\/posts\/1915","targetHints":{"allow":["GET"]}}],"collection":[{"href":"https:\/\/hostnetart.com.br\/baixada\/wp-json\/wp\/v2\/posts"}],"about":[{"href":"https:\/\/hostnetart.com.br\/baixada\/wp-json\/wp\/v2\/types\/post"}],"author":[{"embeddable":true,"href":"https:\/\/hostnetart.com.br\/baixada\/wp-json\/wp\/v2\/users\/1"}],"replies":[{"embeddable":true,"href":"https:\/\/hostnetart.com.br\/baixada\/wp-json\/wp\/v2\/comments?post=1915"}],"version-history":[{"count":0,"href":"https:\/\/hostnetart.com.br\/baixada\/wp-json\/wp\/v2\/posts\/1915\/revisions"}],"wp:attachment":[{"href":"https:\/\/hostnetart.com.br\/baixada\/wp-json\/wp\/v2\/media?parent=1915"}],"wp:term":[{"taxonomy":"category","embeddable":true,"href":"https:\/\/hostnetart.com.br\/baixada\/wp-json\/wp\/v2\/categories?post=1915"},{"taxonomy":"post_tag","embeddable":true,"href":"https:\/\/hostnetart.com.br\/baixada\/wp-json\/wp\/v2\/tags?post=1915"}],"curies":[{"name":"wp","href":"https:\/\/api.w.org\/{rel}","templated":true}]}}