{"id":1912,"date":"2016-03-07T00:00:00","date_gmt":"2016-03-07T03:00:00","guid":{"rendered":"https:\/\/hostnetart.com.br\/baixada\/o-sindicato-parabeniza-todas-as-bancarias-pelo-dia-internacional-da-mulher-2\/"},"modified":"2016-03-07T00:00:00","modified_gmt":"2016-03-07T03:00:00","slug":"o-sindicato-parabeniza-todas-as-bancarias-pelo-dia-internacional-da-mulher-2","status":"publish","type":"post","link":"https:\/\/hostnetart.com.br\/baixada\/o-sindicato-parabeniza-todas-as-bancarias-pelo-dia-internacional-da-mulher-2\/","title":{"rendered":"O Sindicato parabeniza todas as banc\u00e1rias pelo Dia Internacional da Mulher"},"content":{"rendered":"<p>Autora: Ilsa da Luz Barbosa<\/p>\n<p>\u00a0<\/p>\n<p>Voc\u00ea que busca no dia a dia sua<\/p>\n<p>independ\u00eancia, sua liberdade, sua<\/p>\n<p>identidade pr\u00f3pria;<\/p>\n<p>\u00a0<\/p>\n<p>Voc\u00ea que luta profissional e<\/p>\n<p>emocionalmente, para ser<\/p>\n<p>valorizada e compreendida;<\/p>\n<p>\u00a0<\/p>\n<p>Voc\u00ea que a cada momento tenta ser a<\/p>\n<p>companheira, a amiga, a \u201crainha do lar\u201d;<\/p>\n<p>\u00a0<\/p>\n<p>Voc\u00ea que batalha incansavelmente por seus<\/p>\n<p>pr\u00f3prios direitos e tamb\u00e9m por um mundo<\/p>\n<p>mais justo e por uma sociedade sem<\/p>\n<p>viol\u00eancias;<\/p>\n<p>\u00a0<\/p>\n<p>Voc\u00ea que resiste aos sarcasmos daqueles<\/p>\n<p>que a chamam de, pejorativamente, de<\/p>\n<p>feminista liberal e que j\u00e1 ocupa um<\/p>\n<p>espa\u00e7o na f\u00e1brica, na escola, na<\/p>\n<p>empresa e na pol\u00edtica;<\/p>\n<p>\u00a0<\/p>\n<p>Voc\u00ea, eu, n\u00f3s que temos a capacidade de<\/p>\n<p>gerar outro ser, temos tamb\u00e9m o dever de<\/p>\n<p>gerar alternativas para que a nossa A\u00e7\u00e3o<\/p>\n<p>criadora, realmente ajude outras<\/p>\n<p>mulheres a conquistarem<\/p>\n<p>a liberdade de Ser\u2026<\/p>\n<p>\u00a0<\/p>\n<p><strong>A origem da data<\/strong><\/p>\n<p>\u00a0<\/p>\n<p>As mulheres do S\u00e9culo XVIII eram submetidas \u00e0 um sistema desumano de trabalho, com jornadas de 12 horas di\u00e1rias, espancamentos e amea\u00e7as sexuais<\/p>\n<p>\u00a0<\/p>\n<p>O Dia Internacional da Mulher, 8 de mar\u00e7o, est\u00e1 intimamente ligado aos movimentos feministas que buscavam mais dignidade para as mulheres e sociedades mais justas e igualit\u00e1rias. \u00c9 a partir da Revolu\u00e7\u00e3o Industrial, em 1789, que estas reivindica\u00e7\u00f5es tomam maior vulto com a exig\u00eancia de melhores condi\u00e7\u00f5es de trabalho, acesso \u00e0 cultura e igualdade entre os sexos. As oper\u00e1rias desta \u00e9poca eram submetidas \u00e0 um sistema desumano de trabalho, com jornadas de 12 horas di\u00e1rias, espancamentos e amea\u00e7as sexuais.<\/p>\n<p>\u00a0<\/p>\n<p>Dentro deste contexto, 129 tecel\u00e3s da f\u00e1brica de tecidos Cotton, de Nova Iorque, decidiram paralisar seus trabalhos, reivindicando o direito \u00e0 jornada de 10 horas. Era 8 de mar\u00e7o de 1857, data da primeira greve norte-americana conduzida somente por mulheres. A pol\u00edcia reprimiu violentamente a manifesta\u00e7\u00e3o fazendo com que as oper\u00e1rias refugiassem-se dentro da f\u00e1brica. Os donos da empresa, junto com os policiais, trancaram-nas no local e atearam fogo, matando carbonizadas todas as tecel\u00e3s.<\/p>\n<p>Em 1910, durante a II Confer\u00eancia Internacional de Mulheres, realizada na Dinamarca, foi proposto que o dia 8 de mar\u00e7o fosse declarado Dia Internacional da Mulher em homenagem \u00e0s oper\u00e1rias de Nova Iorque. A partir de ent\u00e3o esta data come\u00e7ou a ser comemorada no mundo inteiro como homenagem as mulheres.<\/p>\n<p>\u00a0<\/p>\n<p>Parab\u00e9ns a todas!<\/p>\n","protected":false},"excerpt":{"rendered":"<p>Autora: Ilsa da Luz Barbosa \u00a0 Voc\u00ea que busca no dia a dia sua independ\u00eancia, sua liberdade, sua identidade pr\u00f3pria; \u00a0 Voc\u00ea que luta profissional e emocionalmente, para ser valorizada e compreendida; \u00a0 Voc\u00ea que a cada momento tenta ser a companheira, a amiga, a \u201crainha do lar\u201d; \u00a0 Voc\u00ea que batalha incansavelmente por seus [&hellip;]<\/p>\n","protected":false},"author":1,"featured_media":1911,"comment_status":"","ping_status":"","sticky":false,"template":"","format":"standard","meta":{"footnotes":""},"categories":[3],"tags":[],"class_list":["post-1912","post","type-post","status-publish","format-standard","has-post-thumbnail","hentry","category-noticias"],"_links":{"self":[{"href":"https:\/\/hostnetart.com.br\/baixada\/wp-json\/wp\/v2\/posts\/1912","targetHints":{"allow":["GET"]}}],"collection":[{"href":"https:\/\/hostnetart.com.br\/baixada\/wp-json\/wp\/v2\/posts"}],"about":[{"href":"https:\/\/hostnetart.com.br\/baixada\/wp-json\/wp\/v2\/types\/post"}],"author":[{"embeddable":true,"href":"https:\/\/hostnetart.com.br\/baixada\/wp-json\/wp\/v2\/users\/1"}],"replies":[{"embeddable":true,"href":"https:\/\/hostnetart.com.br\/baixada\/wp-json\/wp\/v2\/comments?post=1912"}],"version-history":[{"count":0,"href":"https:\/\/hostnetart.com.br\/baixada\/wp-json\/wp\/v2\/posts\/1912\/revisions"}],"wp:featuredmedia":[{"embeddable":true,"href":"https:\/\/hostnetart.com.br\/baixada\/wp-json\/wp\/v2\/media\/1911"}],"wp:attachment":[{"href":"https:\/\/hostnetart.com.br\/baixada\/wp-json\/wp\/v2\/media?parent=1912"}],"wp:term":[{"taxonomy":"category","embeddable":true,"href":"https:\/\/hostnetart.com.br\/baixada\/wp-json\/wp\/v2\/categories?post=1912"},{"taxonomy":"post_tag","embeddable":true,"href":"https:\/\/hostnetart.com.br\/baixada\/wp-json\/wp\/v2\/tags?post=1912"}],"curies":[{"name":"wp","href":"https:\/\/api.w.org\/{rel}","templated":true}]}}