{"id":1907,"date":"2016-03-01T00:00:00","date_gmt":"2016-03-01T03:00:00","guid":{"rendered":"https:\/\/hostnetart.com.br\/baixada\/bancarios-de-todo-o-pais-participam-de-mobilizacao-contra-o-pls-555\/"},"modified":"2016-03-01T00:00:00","modified_gmt":"2016-03-01T03:00:00","slug":"bancarios-de-todo-o-pais-participam-de-mobilizacao-contra-o-pls-555","status":"publish","type":"post","link":"https:\/\/hostnetart.com.br\/baixada\/bancarios-de-todo-o-pais-participam-de-mobilizacao-contra-o-pls-555\/","title":{"rendered":"Banc\u00e1rios de todo o Pa\u00eds participam de mobiliza\u00e7\u00e3o contra o PLS 555"},"content":{"rendered":"<div class=\"content\">\n<p>Os banc\u00e1rios de todo o pa\u00eds v\u00e3o a Bras\u00edlia, nesta ter\u00e7a-feira (1), para refor\u00e7ar a mobiliza\u00e7\u00e3o contra a vota\u00e7\u00e3o, na ter\u00e7a-feira (1\u00ba), do PLS 555, que possibilita a privatiza\u00e7\u00e3o das companhias p\u00fablicas.<\/p>\n<p>Logo pela manh\u00e3, o primeiro encontro acontece no Senado, no audit\u00f3rio Petr\u00f4nio Portela, a partir das 10h. Senadores e deputados federais foram convidados a participar do debate. Depois do ato, o processo de conversa com os parlamentares ter\u00e1 continuidade para esclarecer sobre os riscos do projeto privatista e pedir apoio contra sua aprova\u00e7\u00e3o. O PLS 555 dever\u00e1 ser o primeiro item da pauta em vota\u00e7\u00e3o, mas ela pode se estender tamb\u00e9m para o dia seguinte, assim \u00e9 importante estar preparado para a mobiliza\u00e7\u00e3o nos dois dias em Bras\u00edlia.<\/p>\n<p>\u201cEsperamos a presen\u00e7a de muitos banc\u00e1rios para refor\u00e7ar o movimento e ampliar a press\u00e3o para conquistar a ades\u00e3o de mais parlamentares\u201d, convocou Roberto von der Osten, presidente da Contraf-CUT.<\/p>\n<p>Segundo Maria Rita Serrano, coordenadora do Comit\u00ea Nacional em Defesa das Empresas P\u00fablicas, o PLS 555 trata-se de um projeto abrangente e bastante complexo, que engloba todas as empresas p\u00fablicas do pa\u00eds, sejam elas de car\u00e1ter federal, estadual ou municipal e deve ser debatido com diversos atores sociais e toda a sociedade. \u201cUm projeto deste tamanho precisa ser melhor discutido com a sociedade. Independente do substitutivo, n\u00e3o \u00e9 poss\u00edvel discutir um projeto com estas caracter\u00edsticas, que vai formatar um outro modelo de empresa p\u00fablica, sem que a sociedade, os trabalhadores e a pr\u00f3pria dire\u00e7\u00e3o destas empresas, e sem que o pr\u00f3prio governo discuta tudo isso de forma mais clara. N\u00f3s queremos mais espa\u00e7os para este debate. N\u00e3o \u00e9 poss\u00edvel que o Senado venha decidir esta quest\u00e3o a \u2018toque de caixa\u2019, ferindo o direito dos trabalhadores\u201d, ressaltou Serrano.<\/p>\n<p>\u00a0<\/p>\n<\/div>\n<p id=\"page-author\">Fonte: Contraf-CUT<\/p>\n","protected":false},"excerpt":{"rendered":"<p>Os banc\u00e1rios de todo o pa\u00eds v\u00e3o a Bras\u00edlia, nesta ter\u00e7a-feira (1), para refor\u00e7ar a mobiliza\u00e7\u00e3o contra a vota\u00e7\u00e3o, na ter\u00e7a-feira (1\u00ba), do PLS 555, que possibilita a privatiza\u00e7\u00e3o das companhias p\u00fablicas. Logo pela manh\u00e3, o primeiro encontro acontece no Senado, no audit\u00f3rio Petr\u00f4nio Portela, a partir das 10h. Senadores e deputados federais foram convidados [&hellip;]<\/p>\n","protected":false},"author":1,"featured_media":0,"comment_status":"","ping_status":"","sticky":false,"template":"","format":"standard","meta":{"footnotes":""},"categories":[3],"tags":[],"class_list":["post-1907","post","type-post","status-publish","format-standard","hentry","category-noticias"],"_links":{"self":[{"href":"https:\/\/hostnetart.com.br\/baixada\/wp-json\/wp\/v2\/posts\/1907","targetHints":{"allow":["GET"]}}],"collection":[{"href":"https:\/\/hostnetart.com.br\/baixada\/wp-json\/wp\/v2\/posts"}],"about":[{"href":"https:\/\/hostnetart.com.br\/baixada\/wp-json\/wp\/v2\/types\/post"}],"author":[{"embeddable":true,"href":"https:\/\/hostnetart.com.br\/baixada\/wp-json\/wp\/v2\/users\/1"}],"replies":[{"embeddable":true,"href":"https:\/\/hostnetart.com.br\/baixada\/wp-json\/wp\/v2\/comments?post=1907"}],"version-history":[{"count":0,"href":"https:\/\/hostnetart.com.br\/baixada\/wp-json\/wp\/v2\/posts\/1907\/revisions"}],"wp:attachment":[{"href":"https:\/\/hostnetart.com.br\/baixada\/wp-json\/wp\/v2\/media?parent=1907"}],"wp:term":[{"taxonomy":"category","embeddable":true,"href":"https:\/\/hostnetart.com.br\/baixada\/wp-json\/wp\/v2\/categories?post=1907"},{"taxonomy":"post_tag","embeddable":true,"href":"https:\/\/hostnetart.com.br\/baixada\/wp-json\/wp\/v2\/tags?post=1907"}],"curies":[{"name":"wp","href":"https:\/\/api.w.org\/{rel}","templated":true}]}}