{"id":1906,"date":"2016-02-16T00:00:00","date_gmt":"2016-02-16T02:00:00","guid":{"rendered":"https:\/\/hostnetart.com.br\/baixada\/itau-pagara-plr-no-dia-29-de-fevereiro\/"},"modified":"2016-02-16T00:00:00","modified_gmt":"2016-02-16T02:00:00","slug":"itau-pagara-plr-no-dia-29-de-fevereiro","status":"publish","type":"post","link":"https:\/\/hostnetart.com.br\/baixada\/itau-pagara-plr-no-dia-29-de-fevereiro\/","title":{"rendered":"Ita\u00fa pagar\u00e1 PLR no dia 29 de fevereiro"},"content":{"rendered":"<p>A Contraf-CUT havia reivindicado a antecipa\u00e7\u00e3o e o banco informou que o pagamento da PLR, parcela adicional e \u200ediferen\u00e7as da PCR ser\u00e3o realizados dia 29<\/p>\n<p>Em comunicado enviado \u00e0 Contraf-CUT, o Ita\u00fa informou nesta segunda-feira (15), que far\u00e1 o pagamento da PLR, PLR Adicional e \u200ediferen\u00e7as da PCR no pr\u00f3ximo dia 29. O percentual do teto da PLR ser\u00e1 de 2,2 sal\u00e1rios e o valor teto da PLR Adicional ser\u00e1 de R$ 4.043,58. Para a PCR (Participa\u00e7\u00e3o Complementar de Resultado) haver\u00e1 o pagamento da diferen\u00e7a de R$2.285,00 (adiantamento) do valor a ser pago R$ 2.395,00, em raz\u00e3o do ROE em 2015 ter sido de 23,9%.<\/p>\n<p>De acordo com o secret\u00e1rio de Assuntos Jur\u00eddicos da Contraf-CUT, Mauri Sergio Martins de Souza, o percentual do teto para a PLR j\u00e1 era esperado pelos banc\u00e1rios. \u201cEstas premissas para o pagamento da PLR eram esperadas tendo em vista o lucro recorde do Ita\u00fa deste ano, que foi arrancado diante de um ambiente de trabalho estressado, em que os banc\u00e1rios e banc\u00e1rias tiveram que bater as metas a qualquer custo. Vale ressaltar que o pagamento do teto de 2,2 sal\u00e1rios equivaler\u00e1 a aproximadamente 4,3% do lucro l\u00edquido do Ita\u00fa em 2015. Ou seja, nem pagando o teto se alcan\u00e7a 5% do lucro do banco\u201d, concluiu.<\/p>\n<p>Lucros nas alturas e postos de trabalhos eliminados<\/p>\n<p>Vale lembrar que em 2015, o banco Ita\u00fa obteve um lucro recorde de R$ 23,8 bilh\u00f5es, o maior na hist\u00f3ria do sistema financeiro brasileiro, o que representa um crescimento de 15,6% em rela\u00e7\u00e3o ao de 2014. Mas, em contrapartida extinguiu 2.711 postos de trabalho. O n\u00famero de cortes foi maior no \u00faltimo trimestre do ano passado. Dos 2.711 empregos eliminados, 1.009 foram entre outubro e dezembro de 2015. Al\u00e9m disso, o banco fechou 120 ag\u00eancias ao longo de 2015 e encerrou o ano com 3.816 unidades no pa\u00eds.<\/p>\n<p>Nenhum desses n\u00fameros se justifica, j\u00e1 que apenas com as receitas de presta\u00e7\u00e3o de servi\u00e7os e tarifas banc\u00e1rias, que em 2015 somaram R$ 30,8 bilh\u00f5es (eleva\u00e7\u00e3o de 11%), o Ita\u00fa cobre 165% do total de suas despesas com pessoal.<\/p>\n<p>Fonte: Contraf-CUT<\/p>\n","protected":false},"excerpt":{"rendered":"<p>A Contraf-CUT havia reivindicado a antecipa\u00e7\u00e3o e o banco informou que o pagamento da PLR, parcela adicional e \u200ediferen\u00e7as da PCR ser\u00e3o realizados dia 29 Em comunicado enviado \u00e0 Contraf-CUT, o Ita\u00fa informou nesta segunda-feira (15), que far\u00e1 o pagamento da PLR, PLR Adicional e \u200ediferen\u00e7as da PCR no pr\u00f3ximo dia 29. O percentual do [&hellip;]<\/p>\n","protected":false},"author":1,"featured_media":0,"comment_status":"","ping_status":"","sticky":false,"template":"","format":"standard","meta":{"footnotes":""},"categories":[3],"tags":[],"class_list":["post-1906","post","type-post","status-publish","format-standard","hentry","category-noticias"],"_links":{"self":[{"href":"https:\/\/hostnetart.com.br\/baixada\/wp-json\/wp\/v2\/posts\/1906","targetHints":{"allow":["GET"]}}],"collection":[{"href":"https:\/\/hostnetart.com.br\/baixada\/wp-json\/wp\/v2\/posts"}],"about":[{"href":"https:\/\/hostnetart.com.br\/baixada\/wp-json\/wp\/v2\/types\/post"}],"author":[{"embeddable":true,"href":"https:\/\/hostnetart.com.br\/baixada\/wp-json\/wp\/v2\/users\/1"}],"replies":[{"embeddable":true,"href":"https:\/\/hostnetart.com.br\/baixada\/wp-json\/wp\/v2\/comments?post=1906"}],"version-history":[{"count":0,"href":"https:\/\/hostnetart.com.br\/baixada\/wp-json\/wp\/v2\/posts\/1906\/revisions"}],"wp:attachment":[{"href":"https:\/\/hostnetart.com.br\/baixada\/wp-json\/wp\/v2\/media?parent=1906"}],"wp:term":[{"taxonomy":"category","embeddable":true,"href":"https:\/\/hostnetart.com.br\/baixada\/wp-json\/wp\/v2\/categories?post=1906"},{"taxonomy":"post_tag","embeddable":true,"href":"https:\/\/hostnetart.com.br\/baixada\/wp-json\/wp\/v2\/tags?post=1906"}],"curies":[{"name":"wp","href":"https:\/\/api.w.org\/{rel}","templated":true}]}}