{"id":1899,"date":"2016-02-15T00:00:00","date_gmt":"2016-02-15T02:00:00","guid":{"rendered":"https:\/\/hostnetart.com.br\/baixada\/mobilizacao-nacional-contra-o-aedes-aegypti\/"},"modified":"2016-02-15T00:00:00","modified_gmt":"2016-02-15T02:00:00","slug":"mobilizacao-nacional-contra-o-aedes-aegypti","status":"publish","type":"post","link":"https:\/\/hostnetart.com.br\/baixada\/mobilizacao-nacional-contra-o-aedes-aegypti\/","title":{"rendered":"Mobiliza\u00e7\u00e3o nacional contra o Aedes aegypti"},"content":{"rendered":"<p>O Governo Federal realiza uma grande mobiliza\u00e7\u00e3o nacional contra o\u00a0<em>Aedes aegypti<\/em>\u00a0neste s\u00e1bado (13), com a participa\u00e7\u00e3o de 220 mil militares do Ex\u00e9rcito, Marinha e Aeron\u00e1utica. Junto com profissionais dos estados e munic\u00edpios, eles v\u00e3o \u00e0s ruas orientar a popula\u00e7\u00e3o sobre o combate aos criadouros do mosquito transmissor da dengue,\u00a0da chikungunya e do v\u00edrus Zika. O refor\u00e7o das For\u00e7as Armadas estar\u00e1 distribu\u00eddo entre cerca de 350 munic\u00edpios das 27 unidades federativas. Cerca de 4 milh\u00f5es de panfletos informativos ser\u00e3o distribu\u00eddos durante a a\u00e7\u00e3o.<\/p>\n<p>A regi\u00e3o Sudeste ir\u00e1 receber o maior n\u00famero de militares, com 104,4 mil homens atuando nas ruas. A regi\u00e3o Centro-Oeste receber\u00e1 35 mil militares, seguida do Nordeste, com 28,6 mil; Norte, com 28,3 mil; e regi\u00e3o Sul, com 23,7 mil militares.<\/p>\n<p>Com car\u00e1ter educativo, esta a\u00e7\u00e3o visa intensificar a conscientiza\u00e7\u00e3o da popula\u00e7\u00e3o para a import\u00e2ncia deerradicar os criadouros do mosquito\u00a0<em>Aedes<\/em>. Dentre os cerca de 350 munic\u00edpios selecionados para a a\u00e7\u00e3o, est\u00e3o as 115 cidades priorit\u00e1rias, que tiveram incid\u00eancia de dengue acima de 100 casos para cada 100 mil habitantes, nos meses de novembro e dezembro de 2015.<\/p>\n<p>Durante todo o dia, ser\u00e3o distribu\u00eddos materiais informativos, com explica\u00e7\u00e3o das medidas de preven\u00e7\u00e3o, al\u00e9m de orienta\u00e7\u00f5es aos moradores sobre a import\u00e2ncia do envolvimento de todos nessas a\u00e7\u00f5es.<\/p>\n<p>Nas casas que estiverem vazias, o material informativo ser\u00e1 deixado nas caixas de correspond\u00eancia. Os donos de estabelecimentos comerciais tamb\u00e9m ser\u00e3o orientados a fixar cartazes em local vis\u00edvel e de f\u00e1cil acesso.<\/p>\n<p>Enquanto ainda existe dispon\u00edvel no mundo uma vacina para o v\u00edrus Zika, o combate aos focos do mosquito \u00e9 a \u00fanica forma de preven\u00e7\u00e3o da doen\u00e7a, protegendo gestantes e crian\u00e7as. Esse v\u00edrus tem sido associado ao aumento de casos de microcefalia em beb\u00eas quando as m\u00e3es s\u00e3o infectadas durante a gesta\u00e7\u00e3o.<\/p>\n<p>Entre os dias 15 e 18 de fevereiro, haver\u00e1 uma nova a\u00e7\u00e3o\u00a0de combate ao foco dos mosquitos com a participa\u00e7\u00e3o de 50 mil militares que est\u00e3o sendo treinados para atuar nas regi\u00f5es a serem indicadas pelas prefeituras e pelo Minist\u00e9rio da Sa\u00fade. Esta a\u00e7\u00e3o ser\u00e1 de\u00a0combate ao mosquito, e n\u00e3o apenas de orienta\u00e7\u00e3o, e dever\u00e1 incluir a aplica\u00e7\u00e3o de larvicidas e inseticidas.<\/p>\n<p><strong>PLANO NACIONAL \u2013<\/strong>\u00a0A iniciativa faz parte dos esfor\u00e7os do Governo Federal\u00a0 previstos no Plano Nacional de Enfrentamento ao Aedes e \u00e0 Microcefalia, lan\u00e7ado pela presidente Dilma Rousseff em dezembro do ano passado. Ao todo, 19\u00a0minist\u00e9rios e outros \u00f3rg\u00e3os federais est\u00e3o mobilizados para atuar conjuntamente neste enfrentamento, que contar\u00e1 tamb\u00e9m com a participa\u00e7\u00e3o dos governos estaduais e municipais.<\/p>\n<p>As visitas de rotina \u00e0s\u00a0resid\u00eancias para elimina\u00e7\u00e3o e controle do vetor ganharam o refor\u00e7o das For\u00e7as Armadas, com mais de 2.400 militares capacitados at\u00e9 o momento, e de mais de 266 mil agentes comunit\u00e1rios de sa\u00fade, al\u00e9m dos 46,5 mil agentes de endemias que j\u00e1 atuavam regularmente nessas atividades. A orienta\u00e7\u00e3o \u00e9 para que esse grupo atue, inclusive, na organiza\u00e7\u00e3o de mutir\u00f5es de combate ao mosquito em suas regi\u00f5es.<\/p>\n<p>Somam-se a esse esfor\u00e7o a mobiliza\u00e7\u00e3o voltada aos servidores p\u00fablicos no dia 29 de janeiro, no chamado \u201cDia da Faxina\u201d, cujo objetivo foi inspecionar e eliminar poss\u00edveis focos do mosquito nos pr\u00e9dios dos \u00f3rg\u00e3os federais. A a\u00e7\u00e3o aconteceu em minist\u00e9rios, autarquias, ag\u00eancias e demais \u00f3rg\u00e3os vinculados, envolvendo cerca de 1,6 milh\u00e3o de trabalhadores.<\/p>\n<p>Sob a coordena\u00e7\u00e3o do Minist\u00e9rio da Defesa, as For\u00e7as Armadas fizeram um mutir\u00e3o, entre os dias 29 de janeiro e 4 de fevereiro, para realizar a limpeza nas cerca de 1.200 unidades militares existentes no pa\u00eds.<\/p>\n<p>Para refor\u00e7ar as a\u00e7\u00f5es de mobiliza\u00e7\u00e3o dos servidores federais, foi publicado no Di\u00e1rio Oficial da Uni\u00e3o, no dia 2 de fevereiro, um decreto que determina ado\u00e7\u00e3o de medidas rotineiras de preven\u00e7\u00e3o e combate ao vetor em todos os pr\u00e9dios p\u00fablicos. Entre as medidas est\u00e3o a realiza\u00e7\u00e3o de campanhas educativas, vistoria e retirada de criadouros do mosquito, al\u00e9m da limpeza das \u00e1reas internas e externas e o entorno das instala\u00e7\u00f5es p\u00fablicas.<\/p>\n<p><strong>COMO ELIMINAR CRIADOUROS \u2013<\/strong>\u00a0Para erradicar o\u00a0<em>Aedes aegypti<\/em>\u00a0e todos os seus poss\u00edveis criadouros, o Minist\u00e9rio da Sa\u00fade recomenda \u00e0 popula\u00e7\u00e3o a ado\u00e7\u00e3o de uma rotina com medidas simples para\u00a0eliminar recipientes que possam acumular \u00e1gua parada. Quinze minutos de vistoria s\u00e3o o suficiente para manter o ambiente limpo. Pratinhos com vasos de planta, lixeiras, baldes, ralos, calhas, garrafas, pneus e at\u00e9 brinquedos podem ser os vil\u00f5es e servir de criadouros para as larvas do mosquito. Outras medidas de prote\u00e7\u00e3o individual tamb\u00e9m podem complementar a preven\u00e7\u00e3o das doen\u00e7as, como o uso de repelentes e inseticidas para o ambiente.<\/p>\n<p>O Brasil tem um programa permanente de preven\u00e7\u00e3o e controle do\u00a0<em>Aedes aegypti<\/em>, com a\u00e7\u00f5es compartilhadas entre Uni\u00e3o, estados e munic\u00edpios, durante todo o ano. Al\u00e9m do desenvolvimento de a\u00e7\u00f5es de apoio a estados e munic\u00edpios, respons\u00e1veis pela coordena\u00e7\u00e3o e execu\u00e7\u00e3o destas a\u00e7\u00f5es, o Minist\u00e9rio da Sa\u00fade realiza a aquisi\u00e7\u00e3o de insumos estrat\u00e9gicos, como inseticidas e kits de diagn\u00f3sticos, para auxiliar os gestores locais no combate ao mosquito.<\/p>\n<p>Os recursos federais destinados ao enfrentamento ao\u00a0<em>Aedes aegypti<\/em>\u00a0cresceram 39% nos \u00faltimos anos (2010-2015), passando de R$ 924,1 milh\u00f5es para R$ 1,29 bilh\u00e3o neste ano. Para 2016, a previs\u00e3o \u00e9 de um incremento de R$ 580 milh\u00f5es, uma vez que o valor chegar\u00e1 a R$ 1,87 bilh\u00e3o. Al\u00e9m disso, foi aprovado no or\u00e7amento um adicional de R$ 500 milh\u00f5es para esta opera\u00e7\u00e3o.<\/p>\n<p><strong>MICROCEFALIA<\/strong>\u00a0&#8211; O Minist\u00e9rio da Sa\u00fade e os estados investigam 3.670 casos suspeitos de microcefalia em todo o pa\u00eds. Isso representa 76,7% dos casos notificados. De acordo com o \u00faltimo boletim do Minist\u00e9rio da Sa\u00fade, 404 casos j\u00e1 tiveram confirma\u00e7\u00e3o de microcefalia e\/ou outras altera\u00e7\u00f5es do sistema nervoso central, sendo que 17 com rela\u00e7\u00e3o ao v\u00edrus Zika. Outros 709 casos notificados j\u00e1 foram descartados. Ao todo, 4.783 casos suspeitos de microcefalia foram registrados at\u00e9 30 de janeiro.<\/p>\n<p>No total, foram notificados 76 \u00f3bitos por microcefalia e\/ou altera\u00e7\u00e3o do sistema nervoso central ap\u00f3s o parto (natimorto) ou durante a gesta\u00e7\u00e3o (abortamento espont\u00e2neo). Destes, 15 foram investigados e confirmados para microcefalia e\/ou altera\u00e7\u00e3o do sistema nervoso central, sendo que cinco tiveram identifica\u00e7\u00e3o do v\u00edrus Zika no tecido fetal.\u00a0 Outros 56 continuam em investiga\u00e7\u00e3o e cinco j\u00e1 foram descartados.<\/p>\n<p>Cabe esclarecer que o Minist\u00e9rio da Sa\u00fade est\u00e1 investigando todos os casos de microcefalia e outras altera\u00e7\u00f5es do sistema nervoso central, informados pelos estados e a poss\u00edvel rela\u00e7\u00e3o com o v\u00edrus Zika e outras infec\u00e7\u00f5es cong\u00eanitas. A microcefalia pode ter como causa diversos agentes infecciosos al\u00e9m do Zika, como S\u00edfilis, Toxoplasmose, Outros Agentes Infecciosos, Rub\u00e9ola, Citomegalov\u00edrus e Herpes Viral.<\/p>\n","protected":false},"excerpt":{"rendered":"<p>O Governo Federal realiza uma grande mobiliza\u00e7\u00e3o nacional contra o\u00a0Aedes aegypti\u00a0neste s\u00e1bado (13), com a participa\u00e7\u00e3o de 220 mil militares do Ex\u00e9rcito, Marinha e Aeron\u00e1utica. Junto com profissionais dos estados e munic\u00edpios, eles v\u00e3o \u00e0s ruas orientar a popula\u00e7\u00e3o sobre o combate aos criadouros do mosquito transmissor da dengue,\u00a0da chikungunya e do v\u00edrus Zika. O [&hellip;]<\/p>\n","protected":false},"author":1,"featured_media":1898,"comment_status":"","ping_status":"","sticky":false,"template":"","format":"standard","meta":{"footnotes":""},"categories":[3],"tags":[],"class_list":["post-1899","post","type-post","status-publish","format-standard","has-post-thumbnail","hentry","category-noticias"],"_links":{"self":[{"href":"https:\/\/hostnetart.com.br\/baixada\/wp-json\/wp\/v2\/posts\/1899","targetHints":{"allow":["GET"]}}],"collection":[{"href":"https:\/\/hostnetart.com.br\/baixada\/wp-json\/wp\/v2\/posts"}],"about":[{"href":"https:\/\/hostnetart.com.br\/baixada\/wp-json\/wp\/v2\/types\/post"}],"author":[{"embeddable":true,"href":"https:\/\/hostnetart.com.br\/baixada\/wp-json\/wp\/v2\/users\/1"}],"replies":[{"embeddable":true,"href":"https:\/\/hostnetart.com.br\/baixada\/wp-json\/wp\/v2\/comments?post=1899"}],"version-history":[{"count":0,"href":"https:\/\/hostnetart.com.br\/baixada\/wp-json\/wp\/v2\/posts\/1899\/revisions"}],"wp:featuredmedia":[{"embeddable":true,"href":"https:\/\/hostnetart.com.br\/baixada\/wp-json\/wp\/v2\/media\/1898"}],"wp:attachment":[{"href":"https:\/\/hostnetart.com.br\/baixada\/wp-json\/wp\/v2\/media?parent=1899"}],"wp:term":[{"taxonomy":"category","embeddable":true,"href":"https:\/\/hostnetart.com.br\/baixada\/wp-json\/wp\/v2\/categories?post=1899"},{"taxonomy":"post_tag","embeddable":true,"href":"https:\/\/hostnetart.com.br\/baixada\/wp-json\/wp\/v2\/tags?post=1899"}],"curies":[{"name":"wp","href":"https:\/\/api.w.org\/{rel}","templated":true}]}}