{"id":1897,"date":"2016-02-01T00:00:00","date_gmt":"2016-02-01T02:00:00","guid":{"rendered":"https:\/\/hostnetart.com.br\/baixada\/santander-informa-contraf-cut-que-pagara-plr-cheia-no-dia-19-junto-com-pprs\/"},"modified":"2016-02-01T00:00:00","modified_gmt":"2016-02-01T02:00:00","slug":"santander-informa-contraf-cut-que-pagara-plr-cheia-no-dia-19-junto-com-pprs","status":"publish","type":"post","link":"https:\/\/hostnetart.com.br\/baixada\/santander-informa-contraf-cut-que-pagara-plr-cheia-no-dia-19-junto-com-pprs\/","title":{"rendered":"Santander informa Contraf-CUT que pagar\u00e1 PLR cheia no dia 19 junto com PPRS"},"content":{"rendered":"<div class=\"content\">\n<p>O Banco Ita\u00fa negou a solicita\u00e7\u00e3o da Confedera\u00e7\u00e3o Nacional dos Trabalhadores do Ramo Financeiro (Contraf-CUT), enviada na quinta-feira (28), de antecipar o pagamento da 2\u00aa parcela da Participa\u00e7\u00e3o nos Lucros e Resultados (PLR) referente ao exerc\u00edcio de 2015.<\/p>\n<p>Roberto von der Osten, presidente da Contraf-CUT, explica que o pedido feito a todos os bancos foi motivado em fun\u00e7\u00e3o da concentra\u00e7\u00e3o de despesas (tributos e gastos familiares) assumidas pelos trabalhadores do banco entre os meses de janeiro e fevereiro. \u201cOutros bancos j\u00e1 deram um sinal positivo, antecipando este benef\u00edcio que \u00e9 fruto do suor dos banc\u00e1rios e das banc\u00e1rias. J\u00e1 o Ita\u00fa negou e nem explicou o porqu\u00ea. Esperamos que eles reconsiderem essa posi\u00e7\u00e3o\u201d, disse.<\/p>\n<p>O Ita\u00fa-Unibanco S.A. divulgar\u00e1 os resultados relativos ao 4\u00ba trimestre de 2015 no dia 2 de fevereiro de 2016.<\/p>\n<\/div>\n<p id=\"page-author\">Fonte: Contraf-CUT<\/p>\n","protected":false},"excerpt":{"rendered":"<p>O Banco Ita\u00fa negou a solicita\u00e7\u00e3o da Confedera\u00e7\u00e3o Nacional dos Trabalhadores do Ramo Financeiro (Contraf-CUT), enviada na quinta-feira (28), de antecipar o pagamento da 2\u00aa parcela da Participa\u00e7\u00e3o nos Lucros e Resultados (PLR) referente ao exerc\u00edcio de 2015. Roberto von der Osten, presidente da Contraf-CUT, explica que o pedido feito a todos os bancos foi [&hellip;]<\/p>\n","protected":false},"author":1,"featured_media":0,"comment_status":"","ping_status":"","sticky":false,"template":"","format":"standard","meta":{"footnotes":""},"categories":[3],"tags":[],"class_list":["post-1897","post","type-post","status-publish","format-standard","hentry","category-noticias"],"_links":{"self":[{"href":"https:\/\/hostnetart.com.br\/baixada\/wp-json\/wp\/v2\/posts\/1897","targetHints":{"allow":["GET"]}}],"collection":[{"href":"https:\/\/hostnetart.com.br\/baixada\/wp-json\/wp\/v2\/posts"}],"about":[{"href":"https:\/\/hostnetart.com.br\/baixada\/wp-json\/wp\/v2\/types\/post"}],"author":[{"embeddable":true,"href":"https:\/\/hostnetart.com.br\/baixada\/wp-json\/wp\/v2\/users\/1"}],"replies":[{"embeddable":true,"href":"https:\/\/hostnetart.com.br\/baixada\/wp-json\/wp\/v2\/comments?post=1897"}],"version-history":[{"count":0,"href":"https:\/\/hostnetart.com.br\/baixada\/wp-json\/wp\/v2\/posts\/1897\/revisions"}],"wp:attachment":[{"href":"https:\/\/hostnetart.com.br\/baixada\/wp-json\/wp\/v2\/media?parent=1897"}],"wp:term":[{"taxonomy":"category","embeddable":true,"href":"https:\/\/hostnetart.com.br\/baixada\/wp-json\/wp\/v2\/categories?post=1897"},{"taxonomy":"post_tag","embeddable":true,"href":"https:\/\/hostnetart.com.br\/baixada\/wp-json\/wp\/v2\/tags?post=1897"}],"curies":[{"name":"wp","href":"https:\/\/api.w.org\/{rel}","templated":true}]}}