{"id":1886,"date":"2016-01-28T00:00:00","date_gmt":"2016-01-28T02:00:00","guid":{"rendered":"https:\/\/hostnetart.com.br\/baixada\/reestruturacao-na-area-de-infraestrutura-do-bb-avanca-com-problemas\/"},"modified":"2016-01-28T00:00:00","modified_gmt":"2016-01-28T02:00:00","slug":"reestruturacao-na-area-de-infraestrutura-do-bb-avanca-com-problemas","status":"publish","type":"post","link":"https:\/\/hostnetart.com.br\/baixada\/reestruturacao-na-area-de-infraestrutura-do-bb-avanca-com-problemas\/","title":{"rendered":"Reestrutura\u00e7\u00e3o na \u00e1rea de infraestrutura do BB avan\u00e7a com problemas"},"content":{"rendered":"<div class=\"content\">\n<p>A Reestrutura\u00e7\u00e3o na VISIN \u2013 Vice-Presid\u00eancia de Servi\u00e7os e Infraestrutura \u2013 do Banco do Brasil avan\u00e7a com muitos problemas em v\u00e1rias pra\u00e7as. Nesta ter\u00e7a-feira (26), o banco informou \u00e0 Contraf-CUT atrav\u00e9s do Coordenador da Comiss\u00e3o de Empresa o quadro geral de movimenta\u00e7\u00f5es ocorridas at\u00e9 \u00e0 \u00faltima sexta-feira, dia 22.<\/p>\n<p>Em muitas cidades onde haviam perdas e cortes, foi conseguido fazer as movimenta\u00e7\u00f5es e processos de ascens\u00e3o e\/ou lateralidade de cargos, zerando o n\u00famero de excedentes.<\/p>\n<p>Os problemas maiores continuam na \u00e1rea de engenharia, onde muitos foram obrigados a mudar de cidade para n\u00e3o perder os cargos e ainda existem muitos assistentes e caixas em excesso.<\/p>\n<p>Foi cobrado do BB a quest\u00e3o do VCP dos caixas, ainda sem previs\u00e3o na instru\u00e7\u00e3o normativa interna e sobre a segunda prioriza\u00e7\u00e3o em caso de aparecimento de vagas no mesmo local ou pr\u00f3ximo onde o funcion\u00e1rio perdeu lota\u00e7\u00e3o. Tamb\u00e9m foi cobrado o destravamento de vagas de outras \u00e1reas fora da\u00a0\u00e1rea de infraestrutura.<\/p>\n<p>Os funcion\u00e1rios continuam cobrando aumento do prazo para in\u00edcio do VCP (Verba de Car\u00e1ter Pessoal) que evita diminui\u00e7\u00e3o do sal\u00e1rio e tamb\u00e9m um prazo maior para a posse nos locais de destino. O banco informou que poder\u00e1 discutir cada posse de acordo com as demandas dos funcion\u00e1rios que fizeram op\u00e7\u00e3o por mudan\u00e7a de cidade.<\/p>\n<p>Para Wagner Nascimento, coordenador da Comiss\u00e3o de Empresa dos Funcion\u00e1rios do BB, mesmo com a realoca\u00e7\u00e3o positiva em algumas pra\u00e7as, ainda h\u00e1 muitos problemas. \u201cEm alguns casos de realoca\u00e7\u00e3o, funcion\u00e1rios est\u00e3o perdendo cargos e reduzindo sal\u00e1rios\u201d, ressaltou.<\/p>\n<p>A prorroga\u00e7\u00e3o do prazo de in\u00edcio e fim do VCP poder\u00e1 amenizar as perdas de dezenas de funcion\u00e1rios e o banco sabe disso, mas est\u00e1 faltando vontade de fazer. \u201cSe h\u00e1 de fato uma grande preocupa\u00e7\u00e3o com as pessoas, a empresa poderia gastar mais com isso\u201d, argumentou Wagner.<\/p>\n<p>Nova reuni\u00e3o acontecer\u00e1 na pr\u00f3xima semana, para que seja atualizado o quadro de cada pra\u00e7a envolvida e retornos sobre as solicita\u00e7\u00f5es feitas.<\/p>\n<p>\u00a0<\/p>\n<\/div>\n<p id=\"page-author\">Fonte: Contraf-CUT<\/p>\n","protected":false},"excerpt":{"rendered":"<p>A Reestrutura\u00e7\u00e3o na VISIN \u2013 Vice-Presid\u00eancia de Servi\u00e7os e Infraestrutura \u2013 do Banco do Brasil avan\u00e7a com muitos problemas em v\u00e1rias pra\u00e7as. Nesta ter\u00e7a-feira (26), o banco informou \u00e0 Contraf-CUT atrav\u00e9s do Coordenador da Comiss\u00e3o de Empresa o quadro geral de movimenta\u00e7\u00f5es ocorridas at\u00e9 \u00e0 \u00faltima sexta-feira, dia 22. Em muitas cidades onde haviam perdas [&hellip;]<\/p>\n","protected":false},"author":1,"featured_media":0,"comment_status":"","ping_status":"","sticky":false,"template":"","format":"standard","meta":{"footnotes":""},"categories":[3],"tags":[],"class_list":["post-1886","post","type-post","status-publish","format-standard","hentry","category-noticias"],"_links":{"self":[{"href":"https:\/\/hostnetart.com.br\/baixada\/wp-json\/wp\/v2\/posts\/1886","targetHints":{"allow":["GET"]}}],"collection":[{"href":"https:\/\/hostnetart.com.br\/baixada\/wp-json\/wp\/v2\/posts"}],"about":[{"href":"https:\/\/hostnetart.com.br\/baixada\/wp-json\/wp\/v2\/types\/post"}],"author":[{"embeddable":true,"href":"https:\/\/hostnetart.com.br\/baixada\/wp-json\/wp\/v2\/users\/1"}],"replies":[{"embeddable":true,"href":"https:\/\/hostnetart.com.br\/baixada\/wp-json\/wp\/v2\/comments?post=1886"}],"version-history":[{"count":0,"href":"https:\/\/hostnetart.com.br\/baixada\/wp-json\/wp\/v2\/posts\/1886\/revisions"}],"wp:attachment":[{"href":"https:\/\/hostnetart.com.br\/baixada\/wp-json\/wp\/v2\/media?parent=1886"}],"wp:term":[{"taxonomy":"category","embeddable":true,"href":"https:\/\/hostnetart.com.br\/baixada\/wp-json\/wp\/v2\/categories?post=1886"},{"taxonomy":"post_tag","embeddable":true,"href":"https:\/\/hostnetart.com.br\/baixada\/wp-json\/wp\/v2\/tags?post=1886"}],"curies":[{"name":"wp","href":"https:\/\/api.w.org\/{rel}","templated":true}]}}