{"id":1883,"date":"2016-01-28T00:00:00","date_gmt":"2016-01-28T02:00:00","guid":{"rendered":"https:\/\/hostnetart.com.br\/baixada\/contraf-cut-e-caixa-retomam-negociacoes-nesta-quinta-feira-28\/"},"modified":"2016-01-28T00:00:00","modified_gmt":"2016-01-28T02:00:00","slug":"contraf-cut-e-caixa-retomam-negociacoes-nesta-quinta-feira-28","status":"publish","type":"post","link":"https:\/\/hostnetart.com.br\/baixada\/contraf-cut-e-caixa-retomam-negociacoes-nesta-quinta-feira-28\/","title":{"rendered":"Contraf-CUT e Caixa retomam negocia\u00e7\u00f5es nesta quinta-feira (28)"},"content":{"rendered":"<div class=\"content\">\n<p>A\u00a0Contraf-CUT, assessorada pela Comiss\u00e3o Executiva dos Empregados (CEE), e a Caixa Econ\u00f4mica Federal retomam nesta quinta-feira (28) \u00a0as negocia\u00e7\u00f5es permanentes. Na primeira reuni\u00e3o de 2016, estar\u00e3o em debate cl\u00e1usulas n\u00e3o cumpridas do Acordo Coletivo de Trabalho (ACT) 2014\/2015 e pend\u00eancias da campanha salarial do ano passado. A reuni\u00e3o ser\u00e1 realizada no Hotel San Marco, em Bras\u00edlia (DF), das 9h \u00e0s 13h.<\/p>\n<p>Segundo Fabiana Matheus, coordenadora da CEE\/Caixa, \u00e9 fundamental que a dire\u00e7\u00e3o do banco adote uma nova postura. \u201cA dire\u00e7\u00e3o do banco tem que cumprir o que \u00e9 acordado com os trabalhadores. O que temos hoje \u00e9 o total desrespeito \u00e0 mesa de negocia\u00e7\u00e3o\u201d, critica. Para protestar contra a intransig\u00eancia da empresa, a Comiss\u00e3o Executiva convoca os empregados a se mobilizarem no dia da reuni\u00e3o, usando vestimenta preta nos locais de trabalho.<\/p>\n<p>Pend\u00eancias<\/p>\n<p>Um dos pontos pendentes \u00e9 a destina\u00e7\u00e3o do super\u00e1vit do Sa\u00fade Caixa. A CEE\/Caixa reivindica a implementa\u00e7\u00e3o da proposta homologada na mesa permanente de 26 de maio de 2015. As medidas definidas s\u00e3o: redu\u00e7\u00e3o do percentual de coparticipa\u00e7\u00e3o de 20% para 15%, inclus\u00e3o da remo\u00e7\u00e3o por ambul\u00e2ncia no rol de servi\u00e7os e a extens\u00e3o de programas de qualidade de vida aos dependentes e titulares aposentados e pensionistas. Apesar das v\u00e1rias cobran\u00e7as feitas pela Comiss\u00e3o Executiva, nenhuma delas foi adotada at\u00e9 agora.<\/p>\n<p>A contrata\u00e7\u00e3o de empregados, prevista na cl\u00e1usula 50 do ACT 2014\/2015, estar\u00e1 na pauta. \u201cO acordo assegurou a contrata\u00e7\u00e3o de mais 2 mil empregados at\u00e9 dezembro do ano passado, o que significaria chegarmos a 103 mil trabalhadores. No entanto, o que ocorreu foi uma redu\u00e7\u00e3o do quadro de pessoal, o que \u00e9 inadmiss\u00edvel diante da crescente demanda nas ag\u00eancias da Caixa de todo o pa\u00eds\u201d, afirma Fabiana Matheus.<\/p>\n<p>Outra reivindica\u00e7\u00e3o que ser\u00e1 feita na negocia\u00e7\u00e3o de quinta-feira diz respeito \u00e0 retomada do Adiantamento Assistencial Odontol\u00f3gico. No fechamento da campanha salarial de 2015, foi acertado que seria apresentada at\u00e9 31 de dezembro uma proposta, o que ainda n\u00e3o aconteceu. O benef\u00edcio, suspenso de maneira unilateral no final de abril, garante que, em casos de procedimentos n\u00e3o cobertos pelo plano, o trabalhador da Caixa receba um adiantamento para pag\u00e1-lo. A quita\u00e7\u00e3o, sem juros, \u00e9 feita em 10 parcelas.<\/p>\n<p>Reestrutura\u00e7\u00e3o das GIRETs<\/p>\n<p>Assim como tem feito h\u00e1 mais de um m\u00eas, a Contraf-CUT vai solicitar esclarecimentos da Caixa a respeito de boatos sobre a reestrutura\u00e7\u00e3o das GIRETs. No in\u00edcio de janeiro, o banco negou informa\u00e7\u00f5es oficiais sobre a medida, mas relatos enviados por trabalhadores \u00e0s entidades representativas indicam que h\u00e1, sim, mudan\u00e7as em curso. \u201cEssa \u00e1rea envolve cerca de 5 mil banc\u00e1rios em todo o pa\u00eds. Queremos informa\u00e7\u00f5es detalhadas e vamos exigir que ningu\u00e9m seja prejudicado por essas altera\u00e7\u00f5es\u201d, afirma Dion\u00edsio Siqueira, membro da CEE\/Caixa.<\/p>\n<p>A avalia\u00e7\u00e3o dos pilotos dos F\u00f3runs Regionais de Condi\u00e7\u00f5es de Trabalho tamb\u00e9m ser\u00e1 tratada na negocia\u00e7\u00e3o com a Caixa. E ainda o inc\u00eandio que destruiu uma ag\u00eancia barco que estava no porto de Curralinho (PA), na Ilha do Maraj\u00f3. \u201cQueremos saber o que ser\u00e1 feito no sentido de substituir a embarca\u00e7\u00e3o o quanto antes, bem como a situa\u00e7\u00e3o dos empregados da unidade e como est\u00e3o as investiga\u00e7\u00f5es sobre as causas\u201d, diz Fabiana Matheus.<\/p>\n<p>\u00a0<\/p>\n<\/div>\n<p id=\"page-author\">Fonte: Contraf-CUT com Fenae<\/p>\n","protected":false},"excerpt":{"rendered":"<p>A\u00a0Contraf-CUT, assessorada pela Comiss\u00e3o Executiva dos Empregados (CEE), e a Caixa Econ\u00f4mica Federal retomam nesta quinta-feira (28) \u00a0as negocia\u00e7\u00f5es permanentes. Na primeira reuni\u00e3o de 2016, estar\u00e3o em debate cl\u00e1usulas n\u00e3o cumpridas do Acordo Coletivo de Trabalho (ACT) 2014\/2015 e pend\u00eancias da campanha salarial do ano passado. A reuni\u00e3o ser\u00e1 realizada no Hotel San Marco, em [&hellip;]<\/p>\n","protected":false},"author":1,"featured_media":0,"comment_status":"","ping_status":"","sticky":false,"template":"","format":"standard","meta":{"footnotes":""},"categories":[3],"tags":[],"class_list":["post-1883","post","type-post","status-publish","format-standard","hentry","category-noticias"],"_links":{"self":[{"href":"https:\/\/hostnetart.com.br\/baixada\/wp-json\/wp\/v2\/posts\/1883","targetHints":{"allow":["GET"]}}],"collection":[{"href":"https:\/\/hostnetart.com.br\/baixada\/wp-json\/wp\/v2\/posts"}],"about":[{"href":"https:\/\/hostnetart.com.br\/baixada\/wp-json\/wp\/v2\/types\/post"}],"author":[{"embeddable":true,"href":"https:\/\/hostnetart.com.br\/baixada\/wp-json\/wp\/v2\/users\/1"}],"replies":[{"embeddable":true,"href":"https:\/\/hostnetart.com.br\/baixada\/wp-json\/wp\/v2\/comments?post=1883"}],"version-history":[{"count":0,"href":"https:\/\/hostnetart.com.br\/baixada\/wp-json\/wp\/v2\/posts\/1883\/revisions"}],"wp:attachment":[{"href":"https:\/\/hostnetart.com.br\/baixada\/wp-json\/wp\/v2\/media?parent=1883"}],"wp:term":[{"taxonomy":"category","embeddable":true,"href":"https:\/\/hostnetart.com.br\/baixada\/wp-json\/wp\/v2\/categories?post=1883"},{"taxonomy":"post_tag","embeddable":true,"href":"https:\/\/hostnetart.com.br\/baixada\/wp-json\/wp\/v2\/tags?post=1883"}],"curies":[{"name":"wp","href":"https:\/\/api.w.org\/{rel}","templated":true}]}}