{"id":1877,"date":"2016-01-25T00:00:00","date_gmt":"2016-01-25T02:00:00","guid":{"rendered":"https:\/\/hostnetart.com.br\/baixada\/boatos-sobre-pacote-de-maldades-demandam-esclarecimentos-da-caixa\/"},"modified":"2016-01-25T00:00:00","modified_gmt":"2016-01-25T02:00:00","slug":"boatos-sobre-pacote-de-maldades-demandam-esclarecimentos-da-caixa","status":"publish","type":"post","link":"https:\/\/hostnetart.com.br\/baixada\/boatos-sobre-pacote-de-maldades-demandam-esclarecimentos-da-caixa\/","title":{"rendered":"Boatos sobre \u201cpacote de maldades\u201d demandam esclarecimentos da Caixa"},"content":{"rendered":"<div class=\"content\">\n<p>A Fenae e a Contraf-CUT, assessorada pela Comiss\u00e3o Executiva dos Empregados da Caixa (CEE\/Caixa), cobraram que o banco esclare\u00e7a a suspens\u00e3o\/cancelamento dos Processos de Sele\u00e7\u00e3o Interna por Compet\u00eancia (PSICs), ocorrida no in\u00edcio da semana. A solicita\u00e7\u00e3o foi feita em of\u00edcio enviado nesta quarta-feira (20) \u00e0 diretoria de Gest\u00e3o de Pessoas, M\u00e1rcia Guedes, e ao superintendente nacional de Servi\u00e7os Compartilhados de Gest\u00e3o de Pessoas, Sebasti\u00e3o Andrade.<\/p>\n<p>No documento, a Federa\u00e7\u00e3o e a Contraf-CUT tamb\u00e9m destacam que \u00e9 urgente que a dire\u00e7\u00e3o se pronuncie em rela\u00e7\u00e3o aos boatos que circulam sobre um \u201cpacote de maldades\u201d, que seria divulgado at\u00e9 a pr\u00f3xima semana. \u201cSegundo as informa\u00e7\u00f5es nos corredores e que chegaram \u00e0s entidades representativas dos trabalhadores, essas medidas incluem a redu\u00e7\u00e3o de vagas em \u00e1reas da matriz, a reestrutura\u00e7\u00e3o de setores e at\u00e9 o fechamento de ag\u00eancias. \u00c9 preciso acabar com essa inseguran\u00e7a\u201d, diz o presidente da Fenae, Jair Pedro Ferreira.<\/p>\n<p>Fabiana Matheus, coordenadora da CEE\/Caixa, revela que o clima \u00e9 de apreens\u00e3o e terror nas unidades do banco de todo o pa\u00eds. \u201cTudo isso se deve \u00e0 falta de di\u00e1logo com os empregados e as entidades. \u00c9 por isso que temos refor\u00e7ado a necessidade de uma gest\u00e3o mais transparente \u00e0 frente da institui\u00e7\u00e3o, que respeite e valorize a categoria. Afinal, s\u00e3o homens e mulheres que se esfor\u00e7am todos os dias pela Caixa e pelos brasileiros\u201d, observa.<\/p>\n<p>Respeito \u00e0s negocia\u00e7\u00f5es e aos acordos<\/p>\n<p>No momento em que a Caixa chega aos 155 anos, entidades do movimento sindical e associativo t\u00eam exigido o cumprimento de compromissos assumidos nas negocia\u00e7\u00f5es. Na segunda-feira (18), por exemplo, a Contraf-CUT cobrou a implementa\u00e7\u00e3o de duas conquistas em rela\u00e7\u00e3o ao plano de sa\u00fade. Outra frente de batalha diz respeito ao quadro de pessoal. Apesar da demanda crescente nas ag\u00eancias e dos mais de 30 mil aprovados em concurso, o banco se recusa a retomar a contrata\u00e7\u00e3o de empregados.<\/p>\n<p>\u00a0<\/p>\n<\/div>\n<p id=\"page-author\">Fonte: Contraf-CUT com Fenae<\/p>\n","protected":false},"excerpt":{"rendered":"<p>A Fenae e a Contraf-CUT, assessorada pela Comiss\u00e3o Executiva dos Empregados da Caixa (CEE\/Caixa), cobraram que o banco esclare\u00e7a a suspens\u00e3o\/cancelamento dos Processos de Sele\u00e7\u00e3o Interna por Compet\u00eancia (PSICs), ocorrida no in\u00edcio da semana. A solicita\u00e7\u00e3o foi feita em of\u00edcio enviado nesta quarta-feira (20) \u00e0 diretoria de Gest\u00e3o de Pessoas, M\u00e1rcia Guedes, e ao superintendente [&hellip;]<\/p>\n","protected":false},"author":1,"featured_media":0,"comment_status":"","ping_status":"","sticky":false,"template":"","format":"standard","meta":{"footnotes":""},"categories":[3],"tags":[],"class_list":["post-1877","post","type-post","status-publish","format-standard","hentry","category-noticias"],"_links":{"self":[{"href":"https:\/\/hostnetart.com.br\/baixada\/wp-json\/wp\/v2\/posts\/1877","targetHints":{"allow":["GET"]}}],"collection":[{"href":"https:\/\/hostnetart.com.br\/baixada\/wp-json\/wp\/v2\/posts"}],"about":[{"href":"https:\/\/hostnetart.com.br\/baixada\/wp-json\/wp\/v2\/types\/post"}],"author":[{"embeddable":true,"href":"https:\/\/hostnetart.com.br\/baixada\/wp-json\/wp\/v2\/users\/1"}],"replies":[{"embeddable":true,"href":"https:\/\/hostnetart.com.br\/baixada\/wp-json\/wp\/v2\/comments?post=1877"}],"version-history":[{"count":0,"href":"https:\/\/hostnetart.com.br\/baixada\/wp-json\/wp\/v2\/posts\/1877\/revisions"}],"wp:attachment":[{"href":"https:\/\/hostnetart.com.br\/baixada\/wp-json\/wp\/v2\/media?parent=1877"}],"wp:term":[{"taxonomy":"category","embeddable":true,"href":"https:\/\/hostnetart.com.br\/baixada\/wp-json\/wp\/v2\/categories?post=1877"},{"taxonomy":"post_tag","embeddable":true,"href":"https:\/\/hostnetart.com.br\/baixada\/wp-json\/wp\/v2\/tags?post=1877"}],"curies":[{"name":"wp","href":"https:\/\/api.w.org\/{rel}","templated":true}]}}