{"id":1866,"date":"2016-01-25T00:00:00","date_gmt":"2016-01-25T02:00:00","guid":{"rendered":"https:\/\/hostnetart.com.br\/baixada\/contraf-cut-completa-10-anos-de-lutas-e-conquistas\/"},"modified":"2016-01-25T00:00:00","modified_gmt":"2016-01-25T02:00:00","slug":"contraf-cut-completa-10-anos-de-lutas-e-conquistas","status":"publish","type":"post","link":"https:\/\/hostnetart.com.br\/baixada\/contraf-cut-completa-10-anos-de-lutas-e-conquistas\/","title":{"rendered":"Contraf-CUT completa 10 anos de lutas e conquistas"},"content":{"rendered":"<div class=\"content\">\n<p>Neste dia 26 de janeiro a Contraf-CUT completa dez anos de uma exist\u00eancia firme e vigorosa na organiza\u00e7\u00e3o dos banc\u00e1rios, na defesa de seus direitos como trabalhadores e cidad\u00e3os, na reivindica\u00e7\u00e3o por sal\u00e1rios mais dignos, por um pa\u00eds mais democr\u00e1tico e pela unidade da luta dos trabalhadores brasileiros.<\/p>\n<p>Ao longo desses dez anos de muitas batalhas, a Contraf-CUT fortaleceu a unidade nacional dos banc\u00e1rios e esteve \u00e0 frente de todas as campanhas salariais, consolidando a conven\u00e7\u00e3o coletiva nacional de trabalho, que completa 24 anos em 2016, v\u00e1lida para funcion\u00e1rios de bancos p\u00fablicos e privados de todo o pa\u00eds. Com a for\u00e7a da unidade nacional e da mobiliza\u00e7\u00e3o, os banc\u00e1rios concretizaram sonhos e ampliaram conquistas.<\/p>\n<p>Historicamente a Contraf-CUT surge da amplia\u00e7\u00e3o do espa\u00e7o de atua\u00e7\u00e3o da extinta Confedera\u00e7\u00e3o Nacional dos Banc\u00e1rios (CNB-CUT), constru\u00edda em 1992, como resultado da unidade e da forte mobiliza\u00e7\u00e3o da categoria.<\/p>\n<p>\u00c9 herdeira institucional de uma longa tradi\u00e7\u00e3o de luta dos banc\u00e1rios brasileiros, que remonta ao in\u00edcio do s\u00e9culo 20, quando os trabalhadores das casas banc\u00e1rias fundaram suas primeiras associa\u00e7\u00f5es. Todas as conquistas da categoria foram obtidas com organiza\u00e7\u00e3o e unidade, em um s\u00e9culo de lutas \u2013 desde a jornada de 6 horas, em 1933, at\u00e9 os aumentos reais de sal\u00e1rio, a valoriza\u00e7\u00e3o do piso, os avan\u00e7os no combate ao ass\u00e9dio moral e na luta pela igualdade de oportunidades dos \u00faltimos anos.<\/p>\n<p>Essa trajet\u00f3ria foi brutalmente interrompida pelo golpe militar de 1964 e retomada em meados da d\u00e9cada de 1970, quando banc\u00e1rios, metal\u00fargicos, qu\u00edmicos, professores e outras categorias profissionais criaram o que ficou conhecido como o \u201cnovo sindicalismo\u201d, convergindo para a cria\u00e7\u00e3o da CUT em 1983.<\/p>\n<p>Com a ascens\u00e3o das lutas sindicais na d\u00e9cada de 1980, os banc\u00e1rios sentiram a necessidade de reorganizar suas entidades nacionais, a fim de articular a organiza\u00e7\u00e3o e as mobiliza\u00e7\u00f5es em todo o pa\u00eds. Assim nasceu o Departamento Nacional dos Banc\u00e1rios da CUT (DNB-CUT), em 1985, sucedido de 1992 a 2006 pela Confedera\u00e7\u00e3o Nacional dos Banc\u00e1rios (CNB-CUT), que foi sucedido, em 2006, pela Confedera\u00e7\u00e3o Nacional dos Trabalhadores do Ramo Financeiro (Contraf-CUT).<\/p>\n<p>Para Roberto von der Osten, presidente da Contraf-CUT, no ato da funda\u00e7\u00e3o da Contraf CUT, no dia 26 de janeiro de 2006, em Curitiba na sede da FETEC PR, nem todos os dirigentes sindicais banc\u00e1rios da CUT tinham a ideia da dimens\u00e3o e do significado do evento; \u201cEra a materializa\u00e7\u00e3o de um sonho e de uma necessidade, feita a partir da delibera\u00e7\u00e3o corajosa da CNB \u2013 Confedera\u00e7\u00e3o Nacional dos Banc\u00e1rios, amparada pela decis\u00e3o das FETEC Paran\u00e1, S\u00e3o Paulo e Centro Norte: fundar uma Confedera\u00e7\u00e3o de Ramo da CUT para transpor a nossa concep\u00e7\u00e3o e pr\u00e1tica de negocia\u00e7\u00e3o por categoria. A gente come\u00e7ava a pensar grande. Muito grande. Unidade, mobiliza\u00e7\u00e3o e democracia. Os tr\u00eas pilares da funda\u00e7\u00e3o do Departamento Nacional dos Banc\u00e1rios continuam vivos\u201d, afirmou.<\/p>\n<p>A Contraf-CUT coordena o Comando Nacional dos Banc\u00e1rios e possui atualmente 8 federa\u00e7\u00f5es e 115 sindicatos filiados em todo o Brasil, representando mais de 90% de todos os funcion\u00e1rios de bancos p\u00fablicos e privados do Brasil. A entidade \u00e9 tamb\u00e9m refer\u00eancia internacional para os trabalhadores de todo mundo. \u00c9 filiada \u00e0 UNI Global Union, o sindicato mundial que representa mais de 20 milh\u00f5es de trabalhadores dos setores de servi\u00e7os.<\/p>\n<p>\u201cA Contraf-CUT est\u00e1 completando 10 anos de uma experi\u00eancia exitosa e \u00e9 um exemplo de organiza\u00e7\u00e3o para a classe trabalhadora do Brasil. A categoria banc\u00e1ria \u00e9 uma das poucas que tem uma organiza\u00e7\u00e3o nacional e negocia a conven\u00e7\u00e3o coletiva que vale para o Brasil inteiro. Que organiza n\u00e3o s\u00f3 as negocia\u00e7\u00f5es, mas toda a mobiliza\u00e7\u00e3o em torno dos problemas nacionais. Que tamb\u00e9m tem uma organiza\u00e7\u00e3o por banco, com mobiliza\u00e7\u00e3o e solu\u00e7\u00e3o dos problemas espec\u00edficos dos banc\u00e1rios de cada banco. Por isso, os banc\u00e1rios do Brasil inteiro est\u00e3o de parab\u00e9ns por ter constru\u00eddo uma organiza\u00e7\u00e3o t\u00e3o forte e t\u00e3o bonita como \u00e9 a Contraf-CUT\u201d, afirmou Juvandia Moreira Leite, vice-presidenta da Contraf-CUT e presidenta do Sindicato dos Banc\u00e1rios de S\u00e3o Paulo.<\/p>\n<p>A presid\u00eancia mundial da UNI Finan\u00e7as \u00e9 ocupada pela representante da Contraf-CUT, Rita Berlofa, dirigente do Seeb SP. A Confedera\u00e7\u00e3o ocupa ainda os cargos de vice-presidente da UNI Finan\u00e7as Am\u00e9rica e faz parte do Comit\u00ea Executivo UNI Global e do Comit\u00ea Executivo Regional da UNI Am\u00e9ricas.<\/p>\n<\/div>\n<p id=\"page-author\">Fonte: Contraf-CUT<\/p>\n","protected":false},"excerpt":{"rendered":"<p>Neste dia 26 de janeiro a Contraf-CUT completa dez anos de uma exist\u00eancia firme e vigorosa na organiza\u00e7\u00e3o dos banc\u00e1rios, na defesa de seus direitos como trabalhadores e cidad\u00e3os, na reivindica\u00e7\u00e3o por sal\u00e1rios mais dignos, por um pa\u00eds mais democr\u00e1tico e pela unidade da luta dos trabalhadores brasileiros. Ao longo desses dez anos de muitas [&hellip;]<\/p>\n","protected":false},"author":1,"featured_media":0,"comment_status":"","ping_status":"","sticky":false,"template":"","format":"standard","meta":{"footnotes":""},"categories":[3],"tags":[],"class_list":["post-1866","post","type-post","status-publish","format-standard","hentry","category-noticias"],"_links":{"self":[{"href":"https:\/\/hostnetart.com.br\/baixada\/wp-json\/wp\/v2\/posts\/1866","targetHints":{"allow":["GET"]}}],"collection":[{"href":"https:\/\/hostnetart.com.br\/baixada\/wp-json\/wp\/v2\/posts"}],"about":[{"href":"https:\/\/hostnetart.com.br\/baixada\/wp-json\/wp\/v2\/types\/post"}],"author":[{"embeddable":true,"href":"https:\/\/hostnetart.com.br\/baixada\/wp-json\/wp\/v2\/users\/1"}],"replies":[{"embeddable":true,"href":"https:\/\/hostnetart.com.br\/baixada\/wp-json\/wp\/v2\/comments?post=1866"}],"version-history":[{"count":0,"href":"https:\/\/hostnetart.com.br\/baixada\/wp-json\/wp\/v2\/posts\/1866\/revisions"}],"wp:attachment":[{"href":"https:\/\/hostnetart.com.br\/baixada\/wp-json\/wp\/v2\/media?parent=1866"}],"wp:term":[{"taxonomy":"category","embeddable":true,"href":"https:\/\/hostnetart.com.br\/baixada\/wp-json\/wp\/v2\/categories?post=1866"},{"taxonomy":"post_tag","embeddable":true,"href":"https:\/\/hostnetart.com.br\/baixada\/wp-json\/wp\/v2\/tags?post=1866"}],"curies":[{"name":"wp","href":"https:\/\/api.w.org\/{rel}","templated":true}]}}