{"id":1844,"date":"2016-01-07T00:00:00","date_gmt":"2016-01-07T02:00:00","guid":{"rendered":"https:\/\/hostnetart.com.br\/baixada\/protestos-por-caixa-100-publica-volta-na-proxima-semana\/"},"modified":"2016-01-07T00:00:00","modified_gmt":"2016-01-07T02:00:00","slug":"protestos-por-caixa-100-publica-volta-na-proxima-semana","status":"publish","type":"post","link":"https:\/\/hostnetart.com.br\/baixada\/protestos-por-caixa-100-publica-volta-na-proxima-semana\/","title":{"rendered":"Protestos por Caixa 100% p\u00fablica volta na pr\u00f3xima semana"},"content":{"rendered":"<div class=\"content\">\n<p>A luta contra o Projeto de Lei do Senado 555 (PLS 555\/2015) \u2013 que obriga empresas 100% p\u00fablicas a se tornarem sociedades an\u00f4nimas \u2013 e a campanha Mais Empregados para a Caixa, Mais Caixa para o Brasil ser\u00e3o retomadas pelo movimento sindical. Na ter\u00e7a-feira 12, quando o banco completa 156 anos de funda\u00e7\u00e3o, ser\u00e1 realizado ato em frente \u00e0 matriz da institui\u00e7\u00e3o financeira, em Bras\u00edlia.<\/p>\n<p>Francisco Pugliesi, diretor do Sindicato dos Banc\u00e1rios de S\u00e3o Paulo, destaca que a mobiliza\u00e7\u00e3o evitou a vota\u00e7\u00e3o no final de 2015 do chamado Estatuto das Estatais que abre caminho para a privatiza\u00e7\u00e3o de empresas como a Caixa Federal, BNDES e Correios.<\/p>\n<p>\u201cO PLS 555 ser\u00e1 um dos primeiros assuntos a serem discutidos na reabertura dos trabalhos do Senado, em fevereiro. Por isso \u00e9 importante ampliarmos a mobiliza\u00e7\u00e3o para sensibilizar os parlamentares a enterrarem de vez esse projeto\u201d, assinala o dirigente. \u201cPor isso \u00e9 importante aproveitarmos o anivers\u00e1rio da Caixa para deixarmos claro \u00e0 sociedade o grande risco que corre esse importante patrim\u00f4nio do pa\u00eds.\u201d<\/p>\n<p>A manifesta\u00e7\u00e3o, que ocorrer\u00e1 em v\u00e1rias partes do pa\u00eds, tamb\u00e9m cobrar\u00e1 a melhoria das condi\u00e7\u00f5es de trabalho em todos os setores do banco p\u00fablico. Para isso, haver\u00e1 coleta de assinaturas por mais contrata\u00e7\u00f5es junto \u00e0 popula\u00e7\u00e3o. \u201cCada banc\u00e1rio tem de fazer sua parte nessa luta. Basta conversar com familiares, colegas e pessoas que frequentam as unidades para aderirem ao documento. Isso \u00e9 importante para mostrar \u00e0 dire\u00e7\u00e3o da Caixa que ter mais banc\u00e1rios \u00e9 essencial para aprimorar o atendimento.\u201d<\/p>\n<p>M\u00e9rito\u00a0\u2013 A dire\u00e7\u00e3o da Caixa Federal ainda n\u00e3o atendeu \u00e0 reivindica\u00e7\u00e3o da Comiss\u00e3o Executiva dos Empregados (CEE) de fornecer o percentual de banc\u00e1rios que far\u00e3o jus a um ou dois deltas e quantos n\u00e3o ser\u00e3o contemplados na promo\u00e7\u00e3o por m\u00e9rito. O pagamento deve ocorrer no dia 20 e cada delta corresponde a reajuste de 2,33% no Plano de Cargos e Sal\u00e1rios.<\/p>\n<\/div>\n<p id=\"page-author\">Fonte: Seeb SP<\/p>\n","protected":false},"excerpt":{"rendered":"<p>A luta contra o Projeto de Lei do Senado 555 (PLS 555\/2015) \u2013 que obriga empresas 100% p\u00fablicas a se tornarem sociedades an\u00f4nimas \u2013 e a campanha Mais Empregados para a Caixa, Mais Caixa para o Brasil ser\u00e3o retomadas pelo movimento sindical. Na ter\u00e7a-feira 12, quando o banco completa 156 anos de funda\u00e7\u00e3o, ser\u00e1 realizado [&hellip;]<\/p>\n","protected":false},"author":1,"featured_media":0,"comment_status":"","ping_status":"","sticky":false,"template":"","format":"standard","meta":{"footnotes":""},"categories":[3],"tags":[],"class_list":["post-1844","post","type-post","status-publish","format-standard","hentry","category-noticias"],"_links":{"self":[{"href":"https:\/\/hostnetart.com.br\/baixada\/wp-json\/wp\/v2\/posts\/1844","targetHints":{"allow":["GET"]}}],"collection":[{"href":"https:\/\/hostnetart.com.br\/baixada\/wp-json\/wp\/v2\/posts"}],"about":[{"href":"https:\/\/hostnetart.com.br\/baixada\/wp-json\/wp\/v2\/types\/post"}],"author":[{"embeddable":true,"href":"https:\/\/hostnetart.com.br\/baixada\/wp-json\/wp\/v2\/users\/1"}],"replies":[{"embeddable":true,"href":"https:\/\/hostnetart.com.br\/baixada\/wp-json\/wp\/v2\/comments?post=1844"}],"version-history":[{"count":0,"href":"https:\/\/hostnetart.com.br\/baixada\/wp-json\/wp\/v2\/posts\/1844\/revisions"}],"wp:attachment":[{"href":"https:\/\/hostnetart.com.br\/baixada\/wp-json\/wp\/v2\/media?parent=1844"}],"wp:term":[{"taxonomy":"category","embeddable":true,"href":"https:\/\/hostnetart.com.br\/baixada\/wp-json\/wp\/v2\/categories?post=1844"},{"taxonomy":"post_tag","embeddable":true,"href":"https:\/\/hostnetart.com.br\/baixada\/wp-json\/wp\/v2\/tags?post=1844"}],"curies":[{"name":"wp","href":"https:\/\/api.w.org\/{rel}","templated":true}]}}