{"id":1831,"date":"2013-12-19T00:00:00","date_gmt":"2013-12-19T02:00:00","guid":{"rendered":"https:\/\/hostnetart.com.br\/baixada\/bancarios-querem-natal-e-ano-novo-sem-demissoes-no-santander\/"},"modified":"2013-12-19T00:00:00","modified_gmt":"2013-12-19T02:00:00","slug":"bancarios-querem-natal-e-ano-novo-sem-demissoes-no-santander","status":"publish","type":"post","link":"https:\/\/hostnetart.com.br\/baixada\/bancarios-querem-natal-e-ano-novo-sem-demissoes-no-santander\/","title":{"rendered":"Banc\u00e1rios querem Natal e Ano Novo sem demiss\u00f5es no Santander"},"content":{"rendered":"<p>Os banc\u00e1rios realizam nesta quinta-feira (19) um Dia Nacional de Luta no Santander, fazendo paralisa\u00e7\u00f5es e protestos em todo pa\u00eds contra o descaso do banco espanhol com o emprego e as condi\u00e7\u00f5es de trabalho.<br \/>Uma carta aberta est\u00e1 distribu\u00edda pelos sindicatos aos clientes e usu\u00e1rios, retratando o drama das demiss\u00f5es para as fam\u00edlias dos banc\u00e1rios. Num lado, aparece a imagem de um menino com a frase \u201cSantander, n\u00e3o demita meu pai\u201d e segurando um cartaz dizendo \u201cRespeite o Brasil e os Brasileiros\u201d, e, no outro lado, um texto com o t\u00edtulo de \u201cQueremos Natal e Ano Novo sem demiss\u00f5es\u201d. H\u00e1 tamb\u00e9m uma vers\u00e3o com a frase \u201cSantander, n\u00e3o demita minha m\u00e3e\u201d.<br \/>Clique\u00a0<a href=\"http:\/\/www.contrafcut.org.br\/download\/Arquivo\/13121994738.pdf\" target=\"_blank\" rel=\"noopener noreferrer\">aqui<\/a>\u00a0para ler o texto da carta aberta.<br \/>\u201cCom essa mobiliza\u00e7\u00e3o, esperamos que o esp\u00edrito do Natal e Ano Novo sensibilize o Santander a abrir negocia\u00e7\u00f5es com o movimento sindical para discutir uma pol\u00edtica de emprego, porque esse modelo perverso de gest\u00e3o prejudica trabalhadores e clientes, n\u00e3o serve para alavancar o banco e n\u00e3o contribui para o desenvolvimento econ\u00f4mico e social do pa\u00eds\u201d, afirma o secret\u00e1rio de imprensa da Contraf-CUT, Ademir Wiederkehr.<br \/>O Santander \u00e9 hoje o banco que mais est\u00e1 demitindo no Brasil. At\u00e9 na v\u00e9spera do Natal! Nos primeiros nove meses do ano, conforme estudo do Dieese, o banco fechou 3.414 postos de trabalho, na contram\u00e3o da economia brasileira, que gerou 1,3 milh\u00e3o de vagas no per\u00edodo. Entre setembro de 2012 e 2013, a redu\u00e7\u00e3o foi de 4.542 empregos, uma queda de 8,2% no quadro de funcion\u00e1rios.<br \/>Para o banco, as demiss\u00f5es s\u00e3o normais. Mas para os banc\u00e1rios s\u00e3o injustific\u00e1veis. O Santander obteve lucro de R$ 4,3 bilh\u00f5es at\u00e9 setembro no Brasil, o que representa 24% do lucro mundial, o maior resultado entre todos os pa\u00edses onde o banco atua.<br \/>Com tantas demiss\u00f5es, faltam cada vez mais funcion\u00e1rios nas ag\u00eancias, causando sobrecarga de servi\u00e7os, ass\u00e9dio moral, estresse, inseguran\u00e7a e adoecimento de banc\u00e1rios, piorando as condi\u00e7\u00f5es de trabalho e prejudicando a qualidade de atendimento aos clientes. Pioraram at\u00e9 os servi\u00e7os de limpeza, uma vez que para reduzir custos as ag\u00eancias passaram a ter somente algumas horas de faxina por dia.<\/p>\n<p>\u00a0<\/p>\n<p>Como se n\u00e3o bastasse, o Santander terceirizou os prepostos nas homologa\u00e7\u00f5es junto \u00e0 maioria dos sindicatos. A medida vem sendo combatida pelas entidades, que enfrentam tamb\u00e9m as pr\u00e1ticas antissindicais do banco para tentar calar os banc\u00e1rios.<\/p>\n<p>\u00a0<\/p>\n<p>N\u00e3o \u00e9 \u00e0 toa que o Santander foi o campe\u00e3o do ranking de reclama\u00e7\u00f5es de clientes no Banco Central em 2013. Al\u00e9m disso, cobra altas taxas de juros e tarifas abusivas dos clientes, enquanto gasta milh\u00f5es de reais com o patroc\u00ednio da Copa Libertadores e da F\u00f3rmula 1.<\/p>\n<p>\u00a0<\/p>\n<p>Ao mesmo tempo, o Santander engordou a remunera\u00e7\u00e3o dos altos executivos. Entre 2010 e 2013, o ganho m\u00e9dio anual de um diretor do banco aumentou 67% no Brasil, chegando a R$ 7,915 milh\u00f5es, o que \u00e9 um absurdo. Tamb\u00e9m subiu anualmente entre 2003 e 2013 o retorno total do acionista do banco em todo o mundo.<\/p>\n<p>\u00a0<\/p>\n<p>Neste Natal e Ano Novo, os banc\u00e1rios n\u00e3o querem peru, nem panetone e nem lembrancinha do Santander, mas exigem um novo modelo de gest\u00e3o, com o fim das demiss\u00f5es, rotatividade, corte de empregos, terceiriza\u00e7\u00f5es, metas abusivas e adoecimento de funcion\u00e1rios. Os banc\u00e1rios reivindicam mais contrata\u00e7\u00f5es, melhores condi\u00e7\u00f5es de sa\u00fade, seguran\u00e7a e trabalho, igualdade de oportunidades e valoriza\u00e7\u00e3o dos aposentados.<\/p>\n<p>\u00a0<\/p>\n<p>Fonte: Contraf-CUT<\/p>\n","protected":false},"excerpt":{"rendered":"<p>Os banc\u00e1rios realizam nesta quinta-feira (19) um Dia Nacional de Luta no Santander, fazendo paralisa\u00e7\u00f5es e protestos em todo pa\u00eds contra o descaso do banco espanhol com o emprego e as condi\u00e7\u00f5es de trabalho.Uma carta aberta est\u00e1 distribu\u00edda pelos sindicatos aos clientes e usu\u00e1rios, retratando o drama das demiss\u00f5es para as fam\u00edlias dos banc\u00e1rios. Num [&hellip;]<\/p>\n","protected":false},"author":1,"featured_media":1830,"comment_status":"","ping_status":"","sticky":false,"template":"","format":"standard","meta":{"footnotes":""},"categories":[3],"tags":[],"class_list":["post-1831","post","type-post","status-publish","format-standard","has-post-thumbnail","hentry","category-noticias"],"_links":{"self":[{"href":"https:\/\/hostnetart.com.br\/baixada\/wp-json\/wp\/v2\/posts\/1831","targetHints":{"allow":["GET"]}}],"collection":[{"href":"https:\/\/hostnetart.com.br\/baixada\/wp-json\/wp\/v2\/posts"}],"about":[{"href":"https:\/\/hostnetart.com.br\/baixada\/wp-json\/wp\/v2\/types\/post"}],"author":[{"embeddable":true,"href":"https:\/\/hostnetart.com.br\/baixada\/wp-json\/wp\/v2\/users\/1"}],"replies":[{"embeddable":true,"href":"https:\/\/hostnetart.com.br\/baixada\/wp-json\/wp\/v2\/comments?post=1831"}],"version-history":[{"count":0,"href":"https:\/\/hostnetart.com.br\/baixada\/wp-json\/wp\/v2\/posts\/1831\/revisions"}],"wp:featuredmedia":[{"embeddable":true,"href":"https:\/\/hostnetart.com.br\/baixada\/wp-json\/wp\/v2\/media\/1830"}],"wp:attachment":[{"href":"https:\/\/hostnetart.com.br\/baixada\/wp-json\/wp\/v2\/media?parent=1831"}],"wp:term":[{"taxonomy":"category","embeddable":true,"href":"https:\/\/hostnetart.com.br\/baixada\/wp-json\/wp\/v2\/categories?post=1831"},{"taxonomy":"post_tag","embeddable":true,"href":"https:\/\/hostnetart.com.br\/baixada\/wp-json\/wp\/v2\/tags?post=1831"}],"curies":[{"name":"wp","href":"https:\/\/api.w.org\/{rel}","templated":true}]}}