{"id":1822,"date":"2013-12-16T00:00:00","date_gmt":"2013-12-16T02:00:00","guid":{"rendered":"https:\/\/hostnetart.com.br\/baixada\/grupo-de-trabalho-do-projeto-piloto-de-seguranca-se-reune-nesta-segunda\/"},"modified":"2013-12-16T00:00:00","modified_gmt":"2013-12-16T02:00:00","slug":"grupo-de-trabalho-do-projeto-piloto-de-seguranca-se-reune-nesta-segunda","status":"publish","type":"post","link":"https:\/\/hostnetart.com.br\/baixada\/grupo-de-trabalho-do-projeto-piloto-de-seguranca-se-reune-nesta-segunda\/","title":{"rendered":"Grupo de trabalho do projeto-piloto de seguran\u00e7a se re\u00fane nesta segunda"},"content":{"rendered":"<p>O Grupo de trabalho que faz o acompanhamento do projeto-piloto de seguran\u00e7a banc\u00e1ria volta a se reunir nesta segunda-feira, dia 16, no Recife. O encontro ser\u00e1 realizado no Hotel Golden Tulip Recife Palace, em Boa Viagem, a partir das 14h.<\/p>\n<p>Instalado no dia 4 de novembro, o grupo tem a finalidade de verificar a evolu\u00e7\u00e3o do projeto-piloto, assinado no dia 14 de maio e desde ent\u00e3o implantado na capital pernambucana, Olinda e Jaboat\u00e3o dos Guararapes. Participam do grupo a Contraf-CUT, o Sindicato dos Banc\u00e1rios de Pernambuco e a Febraban.<br \/>O acordo garante a instala\u00e7\u00e3o de portas de seguran\u00e7a com detectores de metais, c\u00e2meras internas e externas, biombos entre a bateria de caixas e as filas, guarda-volumes, vigilantes com coletes a prova de balas e armados de acordo com a Lei 7.102\/83 e cofre com dispositivo de retardo.<br \/>\u201cNa primeira reuni\u00e3o, deixamos claro para os bancos de que o projeto-piloto s\u00f3 vai funcionar de fato se todos os integrantes do grupo tiverem acesso \u00e0s informa\u00e7\u00f5es, como os boletins das ocorr\u00eancias, e se houver a participa\u00e7\u00e3o ativa de todos os atores envolvidos\u201d, afirma o presidente da Contraf-CUT, Carlos Cordeiro.<\/p>\n<p>\u00a0<br \/><strong>Propostas dos banc\u00e1rios<\/strong><\/p>\n<p>\u00a0<\/p>\n<p>As entidades sindicais propuseram a realiza\u00e7\u00e3o de uma reuni\u00e3o ampliada do grupo com a participa\u00e7\u00e3o da Secretaria de Defesa Social do Governo de Pernambuco, do Comando da Pol\u00edcia Militar, do Delegado Geral da Pol\u00edcia Civil, do Minist\u00e9rio P\u00fablico e das prefeituras das tr\u00eas cidades, bem como de representantes das ag\u00eancias que participam do projeto-piloto.<\/p>\n<p>\u00a0<\/p>\n<p>A proposta dos banc\u00e1rios foi a realiza\u00e7\u00e3o dessa reuni\u00e3o ampliada do grupo na primeira semana de dezembro, no audit\u00f3rio do Sindicato, com a presen\u00e7a de todas essas representa\u00e7\u00f5es. A Febraban, no entanto, n\u00e3o aceitou.<\/p>\n<p>\u00a0<\/p>\n<p>Os banc\u00e1rios reivindicaram a participa\u00e7\u00e3o da Confedera\u00e7\u00e3o Nacional dos Vigilantes (CNTV) e do Sindicato dos Vigilantes de Pernambuco, uma vez que uma das medidas previstas no projeto-piloto \u00e9 a presen\u00e7a de vigilantes armados e com coletes a prova de balas.<\/p>\n<p>\u00a0<\/p>\n<p>Os dirigentes sindicais solicitaram tamb\u00e9m que integre o grupo um representante do Banco do Nordeste do Brasil (BNB), j\u00e1 que hoje fazem parte apenas os seis maiores bancos (BB, Caixa, Bradesco, Santander, Ita\u00fa e HSBC.<\/p>\n<p>\u00a0<\/p>\n<p>Os representantes dos trabalhadores cobraram ainda a isen\u00e7\u00e3o das tarifas de transfer\u00eancia, uma vez que no protocolo assinado um dos compromissos de responsabilidade da Febraban \u00e9 \u201cpromover est\u00edmulos para a realiza\u00e7\u00e3o de transa\u00e7\u00f5es eletr\u00f4nicas (DOC, DDA, cart\u00f5es, etc) e redu\u00e7\u00e3o do saque em dinheiro\u201d. Para Cordeiro, \u201co melhor est\u00edmulo \u00e9 a isen\u00e7\u00e3o das tarifas, evitando que os clientes sejam v\u00edtimas do crime da \u2018saidinha de banco\u2019\u201d.<\/p>\n<p>\u00a0<\/p>\n<p>\u00a0<\/p>\n<p><strong>Descaso dos bancos<\/strong><\/p>\n<p>\u00a0<\/p>\n<p>\u201cAt\u00e9 agora n\u00e3o obtivemos o atendimento das demandas apresentadas, o que \u00e9 um mau sinal para os banc\u00e1rios que apostam no di\u00e1logo e na negocia\u00e7\u00e3o, na perspectiva de que o projeto-piloto seja efetivamente acompanhado por todas as partes envolvidas\u201d, salienta o secret\u00e1rio de imprensa da Contraf-CUT e coordenador do Coletivo Nacional de Seguran\u00e7a Banc\u00e1ria, Ademir Wiederkehr.<\/p>\n<p>\u00a0<\/p>\n<p>\u201cA Febraban s\u00f3 aceitou incluir o BNB no grupo e atribui a si pr\u00f3pria a responsabilidade de monitorar as ocorr\u00eancias nas ag\u00eancias\u201d, aponta a presidenta do Sindicato, Jaqueline Mello. \u201cA gente lamenta que a Febraban n\u00e3o tenha acatado nossas sugest\u00f5es. A participa\u00e7\u00e3o dos representantes das 209 ag\u00eancias que integram o pacto, por exemplo, \u00e9 fundamental n\u00e3o apenas para troca de informa\u00e7\u00f5es, mas principalmente para sensibiliza\u00e7\u00e3o dos gestores\u201d, afirma.<\/p>\n<p>\u00a0<\/p>\n<p>De acordo com a Febraban, nas ag\u00eancias monitoradas ocorreram seis assaltos no Recife, em Olinda e Jaboat\u00e3o no primeiro semestre deste ano: Ita\u00fa Entroncamento (03\/06); Bradesco Conc\u00f3rdia (10\/06); BB Ceasa (05\/07); BB Benfica (29\/07); BB Espinheiro (03\/09) e HSBC Paissandu (25\/10). Falha no equipamento de seguran\u00e7a foi o motivo principal, conforme a Febraban, que promete mais detalhes das ocorr\u00eancias na reuni\u00e3o desta segunda-feira.<\/p>\n<p>\u00a0<\/p>\n<p>Al\u00e9m dessas unidades, foram assaltados, tamb\u00e9m, a ag\u00eancia da Caixa no Shopping Plazza, em Casa Forte, e o PAB do BB na Fachesf. \u201cNote-se que essas duas unidades est\u00e3o fora do acordo, assim como est\u00e3o as chamadas ag\u00eancias de neg\u00f3cios. As ocorr\u00eancias provam que estar dentro de um shopping ou uma empresa n\u00e3o \u00e9 garantia de seguran\u00e7a, como quer a Febraban\u201d, observa Jaqueline.<\/p>\n<p>\u00a0<\/p>\n<p>\u201cCobramos o atendimento das reivindica\u00e7\u00f5es apresentadas. S\u00f3 assim o projeto-piloto ir\u00e1 avan\u00e7ar e trazer bons frutos e para que depois possa servir de refer\u00eancia para a extens\u00e3o dos resultados alcan\u00e7ados a todas as ag\u00eancias do pa\u00eds, buscando melhorar a seguran\u00e7a e proteger a vida de trabalhadores e clientes\u201d, conclui Ademir.<br \/>Fonte: Contraf-CUT com Seec Pernambuco<\/p>\n","protected":false},"excerpt":{"rendered":"<p>O Grupo de trabalho que faz o acompanhamento do projeto-piloto de seguran\u00e7a banc\u00e1ria volta a se reunir nesta segunda-feira, dia 16, no Recife. O encontro ser\u00e1 realizado no Hotel Golden Tulip Recife Palace, em Boa Viagem, a partir das 14h. Instalado no dia 4 de novembro, o grupo tem a finalidade de verificar a evolu\u00e7\u00e3o [&hellip;]<\/p>\n","protected":false},"author":1,"featured_media":0,"comment_status":"","ping_status":"","sticky":false,"template":"","format":"standard","meta":{"footnotes":""},"categories":[3],"tags":[],"class_list":["post-1822","post","type-post","status-publish","format-standard","hentry","category-noticias"],"_links":{"self":[{"href":"https:\/\/hostnetart.com.br\/baixada\/wp-json\/wp\/v2\/posts\/1822","targetHints":{"allow":["GET"]}}],"collection":[{"href":"https:\/\/hostnetart.com.br\/baixada\/wp-json\/wp\/v2\/posts"}],"about":[{"href":"https:\/\/hostnetart.com.br\/baixada\/wp-json\/wp\/v2\/types\/post"}],"author":[{"embeddable":true,"href":"https:\/\/hostnetart.com.br\/baixada\/wp-json\/wp\/v2\/users\/1"}],"replies":[{"embeddable":true,"href":"https:\/\/hostnetart.com.br\/baixada\/wp-json\/wp\/v2\/comments?post=1822"}],"version-history":[{"count":0,"href":"https:\/\/hostnetart.com.br\/baixada\/wp-json\/wp\/v2\/posts\/1822\/revisions"}],"wp:attachment":[{"href":"https:\/\/hostnetart.com.br\/baixada\/wp-json\/wp\/v2\/media?parent=1822"}],"wp:term":[{"taxonomy":"category","embeddable":true,"href":"https:\/\/hostnetart.com.br\/baixada\/wp-json\/wp\/v2\/categories?post=1822"},{"taxonomy":"post_tag","embeddable":true,"href":"https:\/\/hostnetart.com.br\/baixada\/wp-json\/wp\/v2\/tags?post=1822"}],"curies":[{"name":"wp","href":"https:\/\/api.w.org\/{rel}","templated":true}]}}