{"id":1820,"date":"2013-12-16T00:00:00","date_gmt":"2013-12-16T02:00:00","guid":{"rendered":"https:\/\/hostnetart.com.br\/baixada\/santander-remarca-reuniao-sobre-planos-de-saude-para-dia-17\/"},"modified":"2013-12-16T00:00:00","modified_gmt":"2013-12-16T02:00:00","slug":"santander-remarca-reuniao-sobre-planos-de-saude-para-dia-17","status":"publish","type":"post","link":"https:\/\/hostnetart.com.br\/baixada\/santander-remarca-reuniao-sobre-planos-de-saude-para-dia-17\/","title":{"rendered":"Santander remarca reuni\u00e3o sobre planos de sa\u00fade para dia 17"},"content":{"rendered":"<p>O Santander remarcou para a pr\u00f3xima ter\u00e7a-feira (17), \u00e0s 14 horas, a reuni\u00e3o espec\u00edfica para discutir com as entidades sindicais as mudan\u00e7as unilaterais nos planos de sa\u00fade, com exce\u00e7\u00e3o da Cabesp. O encontro iria ocorrer inicialmente no dia 4, conforme agendamento feito no dia 27 de novembro no \u00faltimo Comit\u00ea de Rela\u00e7\u00f5es Trabalhistas (CRT), e depois foi transferido para o dia 11, mas tamb\u00e9m foi adiado pelo banco. A reuni\u00e3o ocorrer\u00e1 na Torre Santander.<\/p>\n<p>\u00a0<br \/>Os dirigentes sindicais reivindicaram no CRT que o banco forne\u00e7a uma c\u00f3pia do contrato e dos estudos atuariais que embasaram os novos valores, uma vez que os trabalhadores fazem parte do contrato e para que os dois lados da mesa de negocia\u00e7\u00e3o tenham acesso \u00e0s informa\u00e7\u00f5es. Entretanto, o banco ainda n\u00e3o se manifestou nem encaminhou os documentos solicitados.<\/p>\n<p>\u00a0<br \/>Al\u00e9m do reajuste m\u00e9dio de 28,5%, h\u00e1 altera\u00e7\u00f5es profundas nas regras dos aposentados, cujas contribui\u00e7\u00f5es a partir de janeiro de 2014 passar\u00e3o a levar em conta a faixa et\u00e1ria e ir\u00e3o quase triplicar ao final do prazo de cinco anos.<\/p>\n<p>\u00a0<br \/>\u201cEssas mudan\u00e7as n\u00e3o foram negociadas com o movimento sindical, encarecer\u00e3o os planos para os funcion\u00e1rios na ativa e, o que \u00e9 ainda pior, poder\u00e3o excluir centenas de aposentados que dedicaram toda a sua vida profissional ao banco porque n\u00e3o conseguir\u00e3o arcar com os novos valores\u201d, salienta o secret\u00e1rio de imprensa da Contraf-CUT, Ademir Wiederkehr.<\/p>\n<p>\u00a0<br \/>Fonte: Contraf-CUT<\/p>\n","protected":false},"excerpt":{"rendered":"<p>O Santander remarcou para a pr\u00f3xima ter\u00e7a-feira (17), \u00e0s 14 horas, a reuni\u00e3o espec\u00edfica para discutir com as entidades sindicais as mudan\u00e7as unilaterais nos planos de sa\u00fade, com exce\u00e7\u00e3o da Cabesp. O encontro iria ocorrer inicialmente no dia 4, conforme agendamento feito no dia 27 de novembro no \u00faltimo Comit\u00ea de Rela\u00e7\u00f5es Trabalhistas (CRT), e [&hellip;]<\/p>\n","protected":false},"author":1,"featured_media":0,"comment_status":"","ping_status":"","sticky":false,"template":"","format":"standard","meta":{"footnotes":""},"categories":[3],"tags":[],"class_list":["post-1820","post","type-post","status-publish","format-standard","hentry","category-noticias"],"_links":{"self":[{"href":"https:\/\/hostnetart.com.br\/baixada\/wp-json\/wp\/v2\/posts\/1820","targetHints":{"allow":["GET"]}}],"collection":[{"href":"https:\/\/hostnetart.com.br\/baixada\/wp-json\/wp\/v2\/posts"}],"about":[{"href":"https:\/\/hostnetart.com.br\/baixada\/wp-json\/wp\/v2\/types\/post"}],"author":[{"embeddable":true,"href":"https:\/\/hostnetart.com.br\/baixada\/wp-json\/wp\/v2\/users\/1"}],"replies":[{"embeddable":true,"href":"https:\/\/hostnetart.com.br\/baixada\/wp-json\/wp\/v2\/comments?post=1820"}],"version-history":[{"count":0,"href":"https:\/\/hostnetart.com.br\/baixada\/wp-json\/wp\/v2\/posts\/1820\/revisions"}],"wp:attachment":[{"href":"https:\/\/hostnetart.com.br\/baixada\/wp-json\/wp\/v2\/media?parent=1820"}],"wp:term":[{"taxonomy":"category","embeddable":true,"href":"https:\/\/hostnetart.com.br\/baixada\/wp-json\/wp\/v2\/categories?post=1820"},{"taxonomy":"post_tag","embeddable":true,"href":"https:\/\/hostnetart.com.br\/baixada\/wp-json\/wp\/v2\/tags?post=1820"}],"curies":[{"name":"wp","href":"https:\/\/api.w.org\/{rel}","templated":true}]}}