{"id":1818,"date":"2013-12-16T00:00:00","date_gmt":"2013-12-16T02:00:00","guid":{"rendered":"https:\/\/hostnetart.com.br\/baixada\/presidente-da-cut-e-homenageado-com-medalha-tiradentes-na-alerj\/"},"modified":"2013-12-16T00:00:00","modified_gmt":"2013-12-16T02:00:00","slug":"presidente-da-cut-e-homenageado-com-medalha-tiradentes-na-alerj","status":"publish","type":"post","link":"https:\/\/hostnetart.com.br\/baixada\/presidente-da-cut-e-homenageado-com-medalha-tiradentes-na-alerj\/","title":{"rendered":"Presidente da CUT \u00e9 homenageado com Medalha Tiradentes na Alerj"},"content":{"rendered":"<p>Em cerim\u00f4nia ocorrida na quinta-feira (12), que reuniu um grande n\u00famero de militantes e dirigentes sindicais, al\u00e9m de parlamentares do Rio de Janeiro, o presidente da CUT, Vagner Freitas, recebeu a Medalha Tiradentes, maior comenda da Assembleia Legislativa fluminense. A iniciativa de conceder a honraria foi do deputado estadual Gilberto Palmares, do Partido dos Trabalhadores.<\/p>\n<p>\u00a0<br \/>Discursaram durante o evento, al\u00e9m do autor da proposta, o presidente da CUT-RJ, Darby Igayara, o presidente do Sindicato dos Banc\u00e1rios do Rio, Almir Aguiar, a presidenta do Sindicato dos Banc\u00e1rios de S\u00e3o Paulo, Juvandia Moreira Leite, o secret\u00e1rio de Economia Solid\u00e1ria da prefeitura do Rio, Vin\u00edcius Assump\u00e7\u00e3o, o coordenador-geral do Sinttel-Rio, Luis Ant\u00f4nio, e o presidente da OAB-RJ, Luis Felipe Santa Cruz.<\/p>\n<p>\u00a0<br \/>Para todos eles, a homenagem a Vagner foi justa por sua trajet\u00f3ria, marcada pelo compromisso com a organiza\u00e7\u00e3o e o avan\u00e7o das lutas da classe trabalhadora. Tamb\u00e9m foi ressaltada sua defesa intransigente da democracia e do projeto de sociedade dos trabalhadores.<\/p>\n<p>\u00a0<br \/>Antes de receber a Medalha Tiradentes, Vagner Freitas falou da sua emo\u00e7\u00e3o por ser agraciado pelo parlamento do Rio, estado com o qual tem grandes afinidades. Elogiou a irrever\u00eancia do carioca, sua cultura, sua alegria e sua postura de vanguarda, politizada e questionadora.<\/p>\n<p>\u00a0<br \/>\u201cN\u00e3o houve nenhuma luta importante para a classe trabalhadora e para o Brasil que n\u00e3o tivesse a participa\u00e7\u00e3o fundamental do Rio de Janeiro\u201d, lembrou Vagner.<\/p>\n<p>\u00a0<\/p>\n<p>Para ele, a homenagem recebida \u00e9, principalmente, uma defer\u00eancia \u00e0 Central \u00danica dos Trabalhadores e \u00e0 classe trabalhadora brasileira.<\/p>\n<p>\u00a0<\/p>\n<p>Vagner denunciou a farsa do julgamento do \u201cmensal\u00e3o\u201d, apontando seu car\u00e1ter pol\u00edtico e de exce\u00e7\u00e3o e o tratamento desumano que o companheiro Jos\u00e9 Genoino, um dos pol\u00edticos mais honrados e comprometidos com a luta por um pa\u00eds mais justo e igualit\u00e1rio, vem sofrendo.<\/p>\n<p>\u00a0<\/p>\n<p>\u201cComo a elite n\u00e3o consegue derrotar o nosso projeto pol\u00edtico de transforma\u00e7\u00e3o social no voto, resolveu apelar para o tapet\u00e3o. Estamos reagindo contra isso at\u00e9 por uma quest\u00e3o de autodefesa. A decis\u00e3o do STF p\u00f5e em risco os trabalhadores e todos os brasileiros e brasileiras humildes, j\u00e1 que condena a partir de dedu\u00e7\u00f5es e ila\u00e7\u00f5es\u201d, alertou.<\/p>\n<p>\u00a0<\/p>\n<p>Sobre Genoino, Vagner disse que o tratamento dispensado ao companheiro afronta principalmente os direitos humanos. \u201cAl\u00e9m de preso em prec\u00e1rias condi\u00e7\u00f5es de sa\u00fade, Geno\u00edno est\u00e1 proibido de falar, est\u00e1 amorda\u00e7ado. Portanto, ele \u00e9 um preso pol\u00edtico.\u201d<\/p>\n<p>\u00a0<\/p>\n<p>&#8211; N\u00e3o temos medo de ditadura. Se insistirem com a intoler\u00e2ncia e a ditadura, ter\u00e3o um militante da CUT em cada esquina lutando por democracia \u2013 avisou.<\/p>\n<p>\u00a0<\/p>\n<p>O presidente da CUT pregou tamb\u00e9m na necessidade de uma reforma pol\u00edtica no pa\u00eds, com o financiamento p\u00fablico de campanha, para que o filho da classe trabalhadora possa concorrer a cargo eletivo em condi\u00e7\u00f5es de igualdade com a elite, e de uma reforma tribut\u00e1ria, para que os ricos, paguem impostos , pois hoje apenas os assalariados s\u00e3o tributados no Brasil.<\/p>\n<p>\u00a0<\/p>\n<p>Darby Igayara se disse orgulhoso pelo fato de a Central \u00danica dos Trabalhadores, liderada por Vagner, estar na linha de frente da luta em defesa dos petistas presos na Papuda, em Bras\u00edlia. \u201cOs companheiros condenados injustamente e sem provas s\u00e3o m\u00e1rtires da nossa luta. E n\u00f3s da CUT n\u00e3o vamos abandon\u00e1-los\u201d.<\/p>\n<p>Juvandia disse que a homenagem a Vagner \u00e9 justa e merecida. Para ela, tanto ele quanto a CUT merecem parab\u00e9ns pela luta, combatividade e pelo comprometimento com os direitos da classe trabalhadora.<\/p>\n<p>\u00a0<br \/>Fonte: CUT-RJ<\/p>\n","protected":false},"excerpt":{"rendered":"<p>Em cerim\u00f4nia ocorrida na quinta-feira (12), que reuniu um grande n\u00famero de militantes e dirigentes sindicais, al\u00e9m de parlamentares do Rio de Janeiro, o presidente da CUT, Vagner Freitas, recebeu a Medalha Tiradentes, maior comenda da Assembleia Legislativa fluminense. A iniciativa de conceder a honraria foi do deputado estadual Gilberto Palmares, do Partido dos Trabalhadores. [&hellip;]<\/p>\n","protected":false},"author":1,"featured_media":0,"comment_status":"","ping_status":"","sticky":false,"template":"","format":"standard","meta":{"footnotes":""},"categories":[3],"tags":[],"class_list":["post-1818","post","type-post","status-publish","format-standard","hentry","category-noticias"],"_links":{"self":[{"href":"https:\/\/hostnetart.com.br\/baixada\/wp-json\/wp\/v2\/posts\/1818","targetHints":{"allow":["GET"]}}],"collection":[{"href":"https:\/\/hostnetart.com.br\/baixada\/wp-json\/wp\/v2\/posts"}],"about":[{"href":"https:\/\/hostnetart.com.br\/baixada\/wp-json\/wp\/v2\/types\/post"}],"author":[{"embeddable":true,"href":"https:\/\/hostnetart.com.br\/baixada\/wp-json\/wp\/v2\/users\/1"}],"replies":[{"embeddable":true,"href":"https:\/\/hostnetart.com.br\/baixada\/wp-json\/wp\/v2\/comments?post=1818"}],"version-history":[{"count":0,"href":"https:\/\/hostnetart.com.br\/baixada\/wp-json\/wp\/v2\/posts\/1818\/revisions"}],"wp:attachment":[{"href":"https:\/\/hostnetart.com.br\/baixada\/wp-json\/wp\/v2\/media?parent=1818"}],"wp:term":[{"taxonomy":"category","embeddable":true,"href":"https:\/\/hostnetart.com.br\/baixada\/wp-json\/wp\/v2\/categories?post=1818"},{"taxonomy":"post_tag","embeddable":true,"href":"https:\/\/hostnetart.com.br\/baixada\/wp-json\/wp\/v2\/tags?post=1818"}],"curies":[{"name":"wp","href":"https:\/\/api.w.org\/{rel}","templated":true}]}}