{"id":1815,"date":"2013-12-13T00:00:00","date_gmt":"2013-12-13T02:00:00","guid":{"rendered":"https:\/\/hostnetart.com.br\/baixada\/bancarios-protestam-contra-demissoes-do-santander-e-fecham-agencias\/"},"modified":"2013-12-13T00:00:00","modified_gmt":"2013-12-13T02:00:00","slug":"bancarios-protestam-contra-demissoes-do-santander-e-fecham-agencias","status":"publish","type":"post","link":"https:\/\/hostnetart.com.br\/baixada\/bancarios-protestam-contra-demissoes-do-santander-e-fecham-agencias\/","title":{"rendered":"Banc\u00e1rios protestam contra demiss\u00f5es do Santander e fecham ag\u00eancias"},"content":{"rendered":"<p>As ag\u00eancias do Santander de \u00c1guas Claras, Ceil\u00e2ndia, 502 Norte, Sobradinho e Conjunto Nacional foram fechadas pelos banc\u00e1rios na quarta-feira (11) em protesto contra as demiss\u00f5es imotivadas e por mais e melhores empregos.<br \/>Mesmo com lucro l\u00edquido de R$ 4,3 bilh\u00f5es somente nos nove primeiros meses deste ano, o Santander extinguiu 3.414 empregos nesse mesmo per\u00edodo. Apenas no terceiro trimestre, foram eliminados 1.124 postos de trabalho no pa\u00eds. Nos \u00faltimos 12 meses, a redu\u00e7\u00e3o alcan\u00e7ou 4.542 vagas, uma queda de 8,2% no quadro de funcion\u00e1rios, segundo dados do Dieese.<br \/>Diante dessa realidade, os banc\u00e1rios est\u00e3o mobilizados para pressionar a empresa a acabar com essa pol\u00edtica, que tem como consequ\u00eancia direta a precariza\u00e7\u00e3o das condi\u00e7\u00f5es de trabalho e atendimento e que afeta sobremaneira a sa\u00fade de muitos empregados que ficam por conta da sobrecarga.<br \/><strong>Apoio da popula\u00e7\u00e3o<\/strong><\/p>\n<p>\u00a0<\/p>\n<p>Clientes e usu\u00e1rios que passaram pelas ag\u00eancias fechadas receberam panfletos do Sindicato explicando os motivos do protesto e manifestaram apoio. \u201cV\u00e1rios clientes e usu\u00e1rios entenderam a import\u00e2ncia do movimento e tamb\u00e9m partilham da ideia de que \u00e9 preciso melhorar o atendimento. Para isso, o banco precisa parar com as demiss\u00f5es injustificadas e contratar pessoal. Essa situa\u00e7\u00e3o n\u00e3o pode continuar. O Santander tem que valorizar os banc\u00e1rios\u201d, destaca Rosane Alaby, secret\u00e1ria de Administra\u00e7\u00e3o do Sindicato e funcion\u00e1ria da institui\u00e7\u00e3o financeira.<br \/><strong>Den\u00fancia no MTE<\/strong><\/p>\n<p>\u00a0<\/p>\n<p>O Sindicato e a Confedera\u00e7\u00e3o Nacional dos Trabalhadores do Ramo Financeiro (Contraf-CUT) v\u00e3o ao Minist\u00e9rio do Trabalho e Emprego (MTE) denunciar a pol\u00edtica de demiss\u00f5es em massa no Santander.<\/p>\n<p>\u00a0<\/p>\n<p>A reuni\u00e3o ser\u00e1 com o secret\u00e1rio de Rela\u00e7\u00f5es do Trabalho, Manoel Messias Nascimento Melo, e est\u00e1 agenda para a manh\u00e3 desta quinta-feira (12).<br \/>Fonte: Contraf-CUT com Seeb Bras\u00edlia<\/p>\n","protected":false},"excerpt":{"rendered":"<p>As ag\u00eancias do Santander de \u00c1guas Claras, Ceil\u00e2ndia, 502 Norte, Sobradinho e Conjunto Nacional foram fechadas pelos banc\u00e1rios na quarta-feira (11) em protesto contra as demiss\u00f5es imotivadas e por mais e melhores empregos.Mesmo com lucro l\u00edquido de R$ 4,3 bilh\u00f5es somente nos nove primeiros meses deste ano, o Santander extinguiu 3.414 empregos nesse mesmo per\u00edodo. [&hellip;]<\/p>\n","protected":false},"author":1,"featured_media":0,"comment_status":"","ping_status":"","sticky":false,"template":"","format":"standard","meta":{"footnotes":""},"categories":[3],"tags":[],"class_list":["post-1815","post","type-post","status-publish","format-standard","hentry","category-noticias"],"_links":{"self":[{"href":"https:\/\/hostnetart.com.br\/baixada\/wp-json\/wp\/v2\/posts\/1815","targetHints":{"allow":["GET"]}}],"collection":[{"href":"https:\/\/hostnetart.com.br\/baixada\/wp-json\/wp\/v2\/posts"}],"about":[{"href":"https:\/\/hostnetart.com.br\/baixada\/wp-json\/wp\/v2\/types\/post"}],"author":[{"embeddable":true,"href":"https:\/\/hostnetart.com.br\/baixada\/wp-json\/wp\/v2\/users\/1"}],"replies":[{"embeddable":true,"href":"https:\/\/hostnetart.com.br\/baixada\/wp-json\/wp\/v2\/comments?post=1815"}],"version-history":[{"count":0,"href":"https:\/\/hostnetart.com.br\/baixada\/wp-json\/wp\/v2\/posts\/1815\/revisions"}],"wp:attachment":[{"href":"https:\/\/hostnetart.com.br\/baixada\/wp-json\/wp\/v2\/media?parent=1815"}],"wp:term":[{"taxonomy":"category","embeddable":true,"href":"https:\/\/hostnetart.com.br\/baixada\/wp-json\/wp\/v2\/categories?post=1815"},{"taxonomy":"post_tag","embeddable":true,"href":"https:\/\/hostnetart.com.br\/baixada\/wp-json\/wp\/v2\/tags?post=1815"}],"curies":[{"name":"wp","href":"https:\/\/api.w.org\/{rel}","templated":true}]}}