{"id":1814,"date":"2013-12-13T00:00:00","date_gmt":"2013-12-13T02:00:00","guid":{"rendered":"https:\/\/hostnetart.com.br\/baixada\/bancarios-paralisam-agencia-do-itau-em-campo-mourao-contra-demissoes\/"},"modified":"2013-12-13T00:00:00","modified_gmt":"2013-12-13T02:00:00","slug":"bancarios-paralisam-agencia-do-itau-em-campo-mourao-contra-demissoes","status":"publish","type":"post","link":"https:\/\/hostnetart.com.br\/baixada\/bancarios-paralisam-agencia-do-itau-em-campo-mourao-contra-demissoes\/","title":{"rendered":"Banc\u00e1rios paralisam ag\u00eancia do Ita\u00fa em Campo Mour\u00e3o contra demiss\u00f5es"},"content":{"rendered":"<p>Os banc\u00e1rios paralisaram na quinta-feira (12) a ag\u00eancia do Ita\u00fa em Campo Mour\u00e3o, no interior do Paran\u00e1, em protesto contra as demiss\u00f5es, o ass\u00e9dio moral e as metas abusivas. O banco deixa claro sua estrat\u00e9gia de diminuir seus custos sacrificando o emprego e aumentando as tarifas com presta\u00e7\u00e3o de servi\u00e7os. Est\u00e1 cada dia mais explicito a falta de condi\u00e7\u00f5es de trabalho, o ass\u00e9dio moral, a press\u00e3o abusiva para venda de produtos e metas inating\u00edveis, causando adoecimento dos banc\u00e1rios.<br \/>\u201cO Sindicato tem que ir al\u00e9m, quando se trata de prote\u00e7\u00e3o do emprego digno, de qualidade, onde as pessoas n\u00e3o adoe\u00e7am, n\u00e3o morram, enfim, lutamos por um emprego decente\u201d, afirma a presidente do Sindicato dos Banc\u00e1rios de Campo Mour\u00e3o, Nivalda Sguissardi Roy.<br \/>O Ita\u00fa \u00e9 campe\u00e3o de demiss\u00f5es, de lucro e de remunera\u00e7\u00e3o milion\u00e1ria aos altos executivos (cada diretor do banco ganhou em m\u00e9dia em 2012 R$ 9,05 milh\u00f5es). De mar\u00e7o de 2011 at\u00e9 setembro de 2013, o banco demitiu mais de 16.500 funcion\u00e1rios (at\u00e9 setembro deste ano houve corte de 2.883 empregos).<br \/>J\u00e1 o lucro at\u00e9 setembro cresceu 5,8% em rela\u00e7\u00e3o ao mesmo per\u00edodo do ano passado, ou seja, R$ 11,156 bilh\u00f5es nos primeiros 9 meses. Este ano, as tarifas no Ita\u00fa subiram 15,8% em compara\u00e7\u00e3o ao mesmo per\u00edodo do ano passado e s\u00f3 com esta receita o banco cobre 155,8% do total de suas despesas com pessoal, e mesmo assim demite.<br \/>Est\u00e1 na hora de o Ita\u00fa passar a oferecer contrapartidas para os trabalhadores e a sociedade, como fim das demiss\u00f5es e da pol\u00edtica de rotatividade; mais contrata\u00e7\u00f5es, bem como atendimento de qualidade para os clientes, com mais credito e redu\u00e7\u00e3o de tarifas.<\/p>\n<p>\u00a0<\/p>\n<p>Fonte: Contraf-CUT com Seeb Campo Mour\u00e3o<\/p>\n","protected":false},"excerpt":{"rendered":"<p>Os banc\u00e1rios paralisaram na quinta-feira (12) a ag\u00eancia do Ita\u00fa em Campo Mour\u00e3o, no interior do Paran\u00e1, em protesto contra as demiss\u00f5es, o ass\u00e9dio moral e as metas abusivas. O banco deixa claro sua estrat\u00e9gia de diminuir seus custos sacrificando o emprego e aumentando as tarifas com presta\u00e7\u00e3o de servi\u00e7os. Est\u00e1 cada dia mais explicito [&hellip;]<\/p>\n","protected":false},"author":1,"featured_media":0,"comment_status":"","ping_status":"","sticky":false,"template":"","format":"standard","meta":{"footnotes":""},"categories":[3],"tags":[],"class_list":["post-1814","post","type-post","status-publish","format-standard","hentry","category-noticias"],"_links":{"self":[{"href":"https:\/\/hostnetart.com.br\/baixada\/wp-json\/wp\/v2\/posts\/1814","targetHints":{"allow":["GET"]}}],"collection":[{"href":"https:\/\/hostnetart.com.br\/baixada\/wp-json\/wp\/v2\/posts"}],"about":[{"href":"https:\/\/hostnetart.com.br\/baixada\/wp-json\/wp\/v2\/types\/post"}],"author":[{"embeddable":true,"href":"https:\/\/hostnetart.com.br\/baixada\/wp-json\/wp\/v2\/users\/1"}],"replies":[{"embeddable":true,"href":"https:\/\/hostnetart.com.br\/baixada\/wp-json\/wp\/v2\/comments?post=1814"}],"version-history":[{"count":0,"href":"https:\/\/hostnetart.com.br\/baixada\/wp-json\/wp\/v2\/posts\/1814\/revisions"}],"wp:attachment":[{"href":"https:\/\/hostnetart.com.br\/baixada\/wp-json\/wp\/v2\/media?parent=1814"}],"wp:term":[{"taxonomy":"category","embeddable":true,"href":"https:\/\/hostnetart.com.br\/baixada\/wp-json\/wp\/v2\/categories?post=1814"},{"taxonomy":"post_tag","embeddable":true,"href":"https:\/\/hostnetart.com.br\/baixada\/wp-json\/wp\/v2\/tags?post=1814"}],"curies":[{"name":"wp","href":"https:\/\/api.w.org\/{rel}","templated":true}]}}