{"id":1812,"date":"2013-12-13T00:00:00","date_gmt":"2013-12-13T02:00:00","guid":{"rendered":"https:\/\/hostnetart.com.br\/baixada\/ministerio-do-trabalho-se-compromete-a-analisar-demissoes-no-santander\/"},"modified":"2013-12-13T00:00:00","modified_gmt":"2013-12-13T02:00:00","slug":"ministerio-do-trabalho-se-compromete-a-analisar-demissoes-no-santander","status":"publish","type":"post","link":"https:\/\/hostnetart.com.br\/baixada\/ministerio-do-trabalho-se-compromete-a-analisar-demissoes-no-santander\/","title":{"rendered":"Minist\u00e9rio do Trabalho se compromete a analisar demiss\u00f5es no Santander"},"content":{"rendered":"<p>A Contraf-CUT, federa\u00e7\u00f5es e sindicatos denunciaram nesta quinta-feira (12) o descaso do Santander com o emprego no Brasil, durante audi\u00eancia com o secret\u00e1rio de Rela\u00e7\u00f5es do Trabalho do Minist\u00e9rio do Trabalho e Emprego (MTE), Manoel Messias, em Bras\u00edlia. Os dirigentes sindicais salientaram que a pol\u00edtica de demiss\u00f5es, rotatividade, corte de postos de trabalho, terceiriza\u00e7\u00f5es e adoecimentos \u00e9 nociva n\u00e3o somente para o emprego e as condi\u00e7\u00f5es de trabalho, como tamb\u00e9m para a sociedade, que acabando pagando mais seguro-desemprego e aux\u00edlio-doen\u00e7a diante do afastamento cada vez maior de banc\u00e1rios.<\/p>\n<p>Messias ouviu atentamente os banc\u00e1rios, reiterou o compromisso do Minist\u00e9rio em combater a alta rotatividade no pa\u00eds e se comprometeu a estudar as medidas que podem ser tomadas no \u00e2mbito do governo contra o processo de demiss\u00f5es no Santander e em defesa do emprego.<br \/>\u201cO Santander passou o Ita\u00fa e \u00e9 hoje o banco que mais est\u00e1 cortando postos de trabalho\u201d, destacou o secret\u00e1rio de imprensa da Contraf-CUT, Ademir Wiederkehr. \u201cIsso ocorre ao mesmo tempo em que o banco obt\u00e9m aqui 24% do lucro mundial, o que \u00e9 um desrespeito com o Brasil e os brasileiros\u201d, apontou. \u201cO emprego deveria ser a primeira contrapartida social do banco\u201d, defendeu.<br \/>\u201cCom tantas demiss\u00f5es, faltam caixas e coordenadores na rede de ag\u00eancias, causando sobrecarga de servi\u00e7os, desvio de fun\u00e7\u00e3o, ass\u00e9dio moral, estresse, inseguran\u00e7a e adoecimento de banc\u00e1rios, piorando as condi\u00e7\u00f5es de trabalho e prejudicando a qualidade de atendimento aos clientes\u201d, ressalta a coordenadora da Comiss\u00e3o de Organiza\u00e7\u00e3o dos Empregados (COE) do Santander, Maria Rosani. O banco piorou at\u00e9 os servi\u00e7os de limpeza, pois as ag\u00eancias passaram a ter somente algumas horas de faxina por dia.<\/p>\n<p>\u00a0<br \/><strong>Demiss\u00f5es em massa em 2012<\/strong><\/p>\n<p>\u00a0<br \/>Ademir lembrou o processo de demiss\u00f5es em massa ocorrido antes do Natal do ano passado. O problema foi discutido em duas audi\u00eancias no Minist\u00e9rio, mas o banco negou o fato.<br \/>Ap\u00f3s a determina\u00e7\u00e3o do Minist\u00e9rio P\u00fablico do Trabalho (MPT), que obrigou o banco a entregar para a Contraf-CUT os dados do Caged de janeiro a dezembro de 2012, o Dieese elaborou em janeiro deste ano um estudo comprovando as demiss\u00f5es em massa. Enquanto a m\u00e9dia mensal de demiss\u00f5es sem justa causa era de 182 entre janeiro e novembro, o banco dispensou 1.153 funcion\u00e1rios em dezembro, o que impactou no corte de 975 empregos.<br \/>&gt; Clique\u00a0<a href=\"http:\/\/www.contrafcut.org.br\/download\/Arquivo\/1312415134.PDF\" target=\"_blank\" rel=\"noopener noreferrer\">aqui<\/a>\u00a0para ver o estudo do Dieese entregue para Messias.<\/p>\n<p>\u00a0<\/p>\n<p>O MPT entrou com uma a\u00e7\u00e3o civil p\u00fablica contra o Santander, que se encontra aguardando senten\u00e7a na 14\u00aa Vara do Trabalho de Bras\u00edlia.<\/p>\n<p>\u00a0<\/p>\n<p>\u00a0<\/p>\n<p><strong>Campe\u00e3o de demiss\u00f5es em 2013<\/strong><\/p>\n<p>\u00a0<\/p>\n<p>Novo estudo realizado pelo Dieese, com base nos balan\u00e7os publicados pelos cinco maiores bancos do pa\u00eds nos primeiros nove meses deste ano, revela que o Santander lidera a redu\u00e7\u00e3o de postos de trabalho, cujos cortes foram efetuados mensalmente ao longo do ano.<br \/>O levantamento mostra que o banco eliminou 3.414 empregos at\u00e9 setembro. Apenas no terceiro trimestre, a institui\u00e7\u00e3o decepou 1.124 postos de trabalho. Nos \u00faltimos 12 meses, a redu\u00e7\u00e3o foi de 4.542 vagas, uma queda de 8,2% no quadro de funcion\u00e1rios, que ficou em 50.578 em setembro.<br \/>Confira os n\u00fameros dos cortes dos bancos, exceto a Caixa, at\u00e9 setembro:<br \/>&#8211; Santander: -3.414<br \/>&#8211; Ita\u00fa: -2.883<br \/>&#8211; Bradesco: -1.975<br \/>&#8211; Banco do Brasil: -1.529<br \/>&#8211; Caixa: +3.826<\/p>\n<p>Clique\u00a0<a href=\"http:\/\/www.contrafcut.org.br\/download\/Arquivo\/13121323529.pdf\" target=\"_blank\" rel=\"noopener noreferrer\">aqui\u00a0<\/a>para ler o estudo do Dieese tamb\u00e9m entregue para Messias.<\/p>\n<p>\u00a0<br \/>\u201cTodas essas demiss\u00f5es n\u00e3o s\u00e3o normais, como alegou o vice-presidente executivo s\u00eanior do Santander, Jos\u00e9 Paiva, durante reuni\u00e3o com dirigentes sindicais\u201d, afirmou a diretora do Sindicato dos Banc\u00e1rios de S\u00e3o Paulo, Rita Berlofa.<\/p>\n<p>O estudo aponta que, enquanto se verifica o sacrif\u00edcio dos postos de trabalho, \u201cassiste-se ao crescimento da remunera\u00e7\u00e3o dos executivos do banco, tanto no Brasil como em escala mundial\u201d. Entre 2010 e 2013, o ganho m\u00e9dio anual de um diretor do Santander cresceu 67% no pa\u00eds, chegando a R$ 7,915 milh\u00f5es.<br \/>\u201cAl\u00e9m disso, observa-se que cresceu anualmente entre 2003 e 2013 o retorno total do acionista do Santander em todo mundo\u201d, enfatiza o Dieese.<\/p>\n<p>\u00a0<\/p>\n<p>\u00a0<\/p>\n<p><strong>Terceiriza\u00e7\u00e3o das homologa\u00e7\u00f5es<\/strong><\/p>\n<p>\u00a0<\/p>\n<p>Os dirigentes sindicais ainda denunciaram para Messias que, com a falta de pessoal na rede de ag\u00eancias e para reduzir custos, o banco deixou de enviar funcion\u00e1rios do banco como prepostos nas homologa\u00e7\u00f5es junto \u00e0 maioria dos sindicatos, passando a utilizar terceirizados.<br \/>O procedimento foi adotado no momento em que o movimento sindical est\u00e1 em guerra contra o Projeto de Lei (PL) 4330, que prev\u00ea a terceiriza\u00e7\u00e3o em todas as \u00e1reas das empresas.<br \/>\u201cA medida tem sido rejeitada pelas entidades sindicais, uma vez que a admiss\u00e3o e o desligamento s\u00e3o atividades-fim das empresas, n\u00e3o cabendo a terceiriza\u00e7\u00e3o\u201d, salienta o secret\u00e1rio de Rela\u00e7\u00f5es Internacionais da Contraf-CUT, M\u00e1rio Raia.<br \/>Messias tamb\u00e9m ficou de estudar o assunto no Minist\u00e9rio do Trabalho.<\/p>\n<p>\u00a0<\/p>\n<p>\u00a0<\/p>\n<p><strong>Participa\u00e7\u00e3o<\/strong><\/p>\n<p>\u00a0<\/p>\n<p>Tamb\u00e9m participaram da reuni\u00e3o no Minist\u00e9rio representantes da Fetec-SP, Feeb SP-MS, Fetraf RJ-ES, Fetraf MG, Fetrafi RS, Fetrafi NE, Fetec-CN, Fetec PR e Fetec SC e dos sindicatos de S\u00e3o Paulo, Bras\u00edlia, Belo Horizonte, Pernambuco, Alagoas, Mato Grosso, Florian\u00f3polis, ABC e Guarulhos, e da Afubesp.<\/p>\n<p>\u00a0<br \/>Fonte: Contraf-CUT<\/p>\n","protected":false},"excerpt":{"rendered":"<p>A Contraf-CUT, federa\u00e7\u00f5es e sindicatos denunciaram nesta quinta-feira (12) o descaso do Santander com o emprego no Brasil, durante audi\u00eancia com o secret\u00e1rio de Rela\u00e7\u00f5es do Trabalho do Minist\u00e9rio do Trabalho e Emprego (MTE), Manoel Messias, em Bras\u00edlia. Os dirigentes sindicais salientaram que a pol\u00edtica de demiss\u00f5es, rotatividade, corte de postos de trabalho, terceiriza\u00e7\u00f5es e [&hellip;]<\/p>\n","protected":false},"author":1,"featured_media":0,"comment_status":"","ping_status":"","sticky":false,"template":"","format":"standard","meta":{"footnotes":""},"categories":[3],"tags":[],"class_list":["post-1812","post","type-post","status-publish","format-standard","hentry","category-noticias"],"_links":{"self":[{"href":"https:\/\/hostnetart.com.br\/baixada\/wp-json\/wp\/v2\/posts\/1812","targetHints":{"allow":["GET"]}}],"collection":[{"href":"https:\/\/hostnetart.com.br\/baixada\/wp-json\/wp\/v2\/posts"}],"about":[{"href":"https:\/\/hostnetart.com.br\/baixada\/wp-json\/wp\/v2\/types\/post"}],"author":[{"embeddable":true,"href":"https:\/\/hostnetart.com.br\/baixada\/wp-json\/wp\/v2\/users\/1"}],"replies":[{"embeddable":true,"href":"https:\/\/hostnetart.com.br\/baixada\/wp-json\/wp\/v2\/comments?post=1812"}],"version-history":[{"count":0,"href":"https:\/\/hostnetart.com.br\/baixada\/wp-json\/wp\/v2\/posts\/1812\/revisions"}],"wp:attachment":[{"href":"https:\/\/hostnetart.com.br\/baixada\/wp-json\/wp\/v2\/media?parent=1812"}],"wp:term":[{"taxonomy":"category","embeddable":true,"href":"https:\/\/hostnetart.com.br\/baixada\/wp-json\/wp\/v2\/categories?post=1812"},{"taxonomy":"post_tag","embeddable":true,"href":"https:\/\/hostnetart.com.br\/baixada\/wp-json\/wp\/v2\/tags?post=1812"}],"curies":[{"name":"wp","href":"https:\/\/api.w.org\/{rel}","templated":true}]}}