{"id":1805,"date":"2013-12-10T00:00:00","date_gmt":"2013-12-10T02:00:00","guid":{"rendered":"https:\/\/hostnetart.com.br\/baixada\/cut-homenageia-militantes-e-entidades-e-declara-luta-contra-a-intolerancia\/"},"modified":"2013-12-10T00:00:00","modified_gmt":"2013-12-10T02:00:00","slug":"cut-homenageia-militantes-e-entidades-e-declara-luta-contra-a-intolerancia","status":"publish","type":"post","link":"https:\/\/hostnetart.com.br\/baixada\/cut-homenageia-militantes-e-entidades-e-declara-luta-contra-a-intolerancia\/","title":{"rendered":"CUT homenageia militantes e entidades e declara luta contra a intoler\u00e2ncia"},"content":{"rendered":"<p>Protagonista na luta pela redemocratiza\u00e7\u00e3o do Pa\u00eds e das mudan\u00e7as sociais e econ\u00f4micas consolidadas nos \u00faltimos dez anos, a CUT mais uma vez fez hist\u00f3ria.<\/p>\n<p>Na cerim\u00f4nia do 2\u00ba Pr\u00eamio CUT Democracia e Liberdade Sempre realizada na noite desta segunda-feira, dia 9, no Teatro da Universidade Cat\u00f3lica (Tuca-PUC), em S\u00e3o Paulo, a Central renovou seu compromisso com a constru\u00e7\u00e3o de uma sociedade socialista, fraterna e igualit\u00e1ria.<\/p>\n<p>Seja homenageando pessoas ou institui\u00e7\u00f5es que se destacam ou destacaram historicamente na luta por democracia e liberdade ou reiterando seu apoio aos companheiros Jos\u00e9 Geno\u00edno, Jos\u00e9 Dirceu e Del\u00fabio Soares julgados e condenados de forma ilegal e arbitr\u00e1ria na A\u00e7\u00e3o Penal 470, em um processo manipulado pela m\u00eddia nativa em conson\u00e2ncia com interesses de setores conservadores e retr\u00f3grados da sociedade.<\/p>\n<p>E nada mais apropriado nesta conjuntura que a escolha do tema central deste 2\u00ba Pr\u00eamio CUT: \u201cNada vai nos calar\u201d, em refer\u00eancia \u00e0 \u00e1rdua luta pela democratiza\u00e7\u00e3o da comunica\u00e7\u00e3o no Brasil.<\/p>\n<p>\u201cA CUT nasce, vive e vai continuar fazendo ato pol\u00edtico, organizando os trabalhadores e trabalhadoras em resist\u00eancia a intoler\u00e2ncia da classe dominante e da m\u00eddia golpista, que n\u00e3o suporta o fato de a classe trabalhadora ter constru\u00eddo um projeto muito superior, de um oper\u00e1rio ter presidido a Rep\u00fablica por duas vezes e ter feito uma mulher sua sucessora. Neste momento \u00edmpar, quando a nossa Central completa 30 anos, a liberdade e a democracia que defendemos \u00e9 colocada em risco por atitudes ditatoriais penalizando inocentes num claro sentimento de vingan\u00e7a\u201d, declarou Vagner Freitas, presidente nacional da CUT.<\/p>\n<p><strong>Democracia e liberdade<\/strong><\/p>\n<p>A cerim\u00f4nia de premia\u00e7\u00e3o conduzida pela atriz Zez\u00e9 Mota come\u00e7ou por volta das 20h. Na plateia, dirigentes e militantes da CUT, representantes dos governos federal, estadual e municipal, deputados federais, estaduais, vereadores, entidades parceiras nacionais e internacionais, lideran\u00e7as dos movimentos sociais e populares, partidos pol\u00edticos, centrais sindicais, artistas, acad\u00eamicos, intelectuais, juristas, familiares e amigos dos homenageados, como tamb\u00e9m movimentos que lutam pela democratiza\u00e7\u00e3o da comunica\u00e7\u00e3o, jornalistas e blogueiros progressistas.<\/p>\n<p>J\u00e1 na parte musical, show da cantora Lua Reis, filha de J\u00falio de Grammont, vencedor do Pr\u00eamio na categoria \u2018Personalidade de destaque na luta por Democracia, Cidadania e Direitos Humanos\u2019.<\/p>\n<p>Julinho, como era carinhosamente conhecido, conduziu bravamente a publica\u00e7\u00e3o ABCD Jornal no per\u00edodo em que o Sindicato dos Metal\u00fargicos do ABC encontrava-se sob interven\u00e7\u00e3o da ditadura militar, transmitindo not\u00edcias das greves e da milit\u00e2ncia pol\u00edtica em contraponto \u00e0 censura imposta \u00e0 Tribuna Metal\u00fargica.<\/p>\n<p>Tamb\u00e9m atuou no Sindicato dos Banc\u00e1rios de S\u00e3o Paulo e foi diretor do Sindicato dos Jornalistas de S\u00e3o Paulo entre 1984 a 1987. Morreu no dia 26 de novembro de 1998 em um acidente de carro na rodovia Anchieta. Deixou como exemplo sua \u00e9tica, seu profissionalismo e seu compromisso com a classe trabalhadora.<\/p>\n<p>Julio Turra, diretor executivo da CUT, ao fazer a entrega do pr\u00eamio \u00e0 fam\u00edlia de J\u00falio de Grammont, ressaltou que o jornalista teve importante atua\u00e7\u00e3o na constru\u00e7\u00e3o das organiza\u00e7\u00f5es de esquerda.<\/p>\n<p>A escolha dos premiados foi definida a partir de vota\u00e7\u00e3o popular realizada pelo site da CUT. Concorreram tr\u00eas personalidades em cinco categorias diferentes indicadas pela Central com a colabora\u00e7\u00e3o de dirigentes, sindicalistas e personalidades vinculadas \u00e0s causas da democracia, liberdade e dos direitos humanos no Brasil e no mundo.<\/p>\n<p>Tamb\u00e9m homenageado pelo seu engajamento na resist\u00eancia \u00e0 ditadura militar, o jornalista, desenhista e escritor Henrique de Souza Filho, mais conhecido como Henfil, sagrou-se vencedor na categoria\u2019Personalidade de Destaque na Luta por Democracia e Direitos dos Trabalhadores e Trabalhadoras\u2019.<\/p>\n<p>Sua produ\u00e7\u00e3o de hist\u00f3rias em quadrinhos e cartuns apresentava caracter\u00edsticas espec\u00edficas: humor, s\u00e1tira, pol\u00edtica e cr\u00edtica, baseado em personagens tipicamente brasileiros.<\/p>\n<p>Henfil morreu aos 43 anos no Rio de Janeiro. A estatueta foi entregue aos familiares do cartunista pelo secret\u00e1rio de Pol\u00edticas Sociais da CUT, Expedito Solaney.<\/p>\n<p><strong>Contra impunidade, pela democratiza\u00e7\u00e3o da terra<\/strong><\/p>\n<p>\u201cPrefiro morrer lutando do que morrer de fome\u201d. Esta era Margarida Alves. L\u00edder sindical, presidente do Sindicato de Trabalhadores Rurais de Alagoa Grande (PB). Desafiou os interesses dos latifundi\u00e1rios da regi\u00e3o e tornou-se grande s\u00edmbolo de luta das mulheres por terra, igualdade, justi\u00e7a e dignidade.<\/p>\n<p>Mas o dia 12 de agosto de 1983 marcou o fim de uma trajet\u00f3ria de luta contra o analfabetismo, as injusti\u00e7as, a explora\u00e7\u00e3o e pela reforma agr\u00e1ria. Margarida Alves foi covardemente assassinada na porta de sua casa. Tr\u00eas d\u00e9cadas se passaram e seus assassinos continuam impunes. Sua hist\u00f3ria e seus princ\u00edpios jamais ser\u00e3o esquecidos. E o p\u00fablico, reconhecendo seu legado de luta, a escolheu como \u2018Personalidade de Destaque na Luta por Democracia e Justi\u00e7a no Campo\u2019.<\/p>\n<p>Paulo Marcelo, presidente da CUT-PB, recebeu das m\u00e3os da vice-presidente da CUT, Carmen Foro, o pr\u00eamio em nome dos familiares da l\u00edder rural. Carmen destacou em sua fala a Marcha que leva o nome de Margarida e mobiliza desde o ano 2000 milhares de mulheres trabalhadoras rurais por desenvolvimento no campo e reforma agr\u00e1ria. \u201cUma ocasi\u00e3o que me marcou muito foi a \u00faltima Marcha (2011), quando reunimos em Bras\u00edlia 100 mil mulheres em mem\u00f3ria a Margarida Alves, que teve uma importante contribui\u00e7\u00e3o para a hist\u00f3ria deste Pa\u00eds\u201d, acrescentou.<\/p>\n<p><strong>Comunica\u00e7\u00e3o, um direito de todos\/as<\/strong><\/p>\n<p>Um dos momentos de maior demonstra\u00e7\u00e3o de carinho e sauda\u00e7\u00e3o da plateia foi \u00e0 entrega do quarto pr\u00eamio da noite, a de \u2018Personalidade de Destaque na Luta pela Democratiza\u00e7\u00e3o e Liberdade de Express\u00e3o\u2019, conquistado pela professora Marilena Chau\u00ed.<\/p>\n<p>Reconhecida pela sua importante contribui\u00e7\u00e3o acad\u00eamica e envolvimento sintonizado com a realidade e os problemas nacionais, Marilena ressaltou que somente com o passar dos anos \u00e9 que os brasileiros ter\u00e3o a dimens\u00e3o do que foi, do que \u00e9 e do que ser\u00e1 a CUT.<\/p>\n<p>Ao agradecer a apoio de todos e todas por poder lutar e seguir buscando uma sociedade onde seja respeitada a liberdade de pensamento e express\u00e3o, Marilena afirmou que \u201ctoda sociedade possui o direito a comunica\u00e7\u00e3o, porque sem ela n\u00e3o h\u00e1 democracia\u201d.<\/p>\n<p>A entrega do pr\u00eamio foi feita pela secret\u00e1ria nacional de Comunica\u00e7\u00e3o da CUT, Rosane Bertotti.<\/p>\n<p>Ao som do irreverente, alegre e reivindicat\u00f3rio batuque da Marcha Mundial das Mulheres, a \u00faltima categoria premiou a entidade como destaque na \u2018Luta Por Democracia e Liberdade no Brasil e no Mundo.\u2019<\/p>\n<p>A Marcha Mundial das Mulheres surgiu em 2000 com uma grande mobiliza\u00e7\u00e3o que reuniu mulheres de todo o mundo em uma campanha contra a pobreza e viol\u00eancia. Tem a concep\u00e7\u00e3o de que as mulheres s\u00e3o sujeitos ativos na luta pela transforma\u00e7\u00e3o de suas vidas vinculada \u00e0 necessidade de superar o sistema capitalista patriarcal, racista, homof\u00f3bico e destruidor do meio ambiente. Hoje, encontra-se organizada em mais de 70 pa\u00edses e em 20 estados brasileiros.<\/p>\n<p>\u201cNa luta por uma sociedade justa, igualit\u00e1ria, socialista e feminista, a CUT, atrav\u00e9s deste pr\u00eamio, reconhece o importante papel da Marcha Mundial das Mulheres\u201d, afirmou Rosane Silva, secret\u00e1ria nacional da Mulher Trabalhadora da CUT, ao fazer a entrega do pr\u00eamio \u00e0 coordenadora da entidade, Nalu Farias.<\/p>\n<p>Ao final deste bloco de premia\u00e7\u00e3o foram convocados ao palco as demais personalidades e entidades ou seus representantes indicadas ao Pr\u00eamio CUT para uma sauda\u00e7\u00e3o.<\/p>\n<p><strong>Mais homenagens<\/strong><\/p>\n<p>Como na edi\u00e7\u00e3o anterior, quando o homenageado foi o ex-presidente Lula, a CUT reservou um espa\u00e7o especial para a premia\u00e7\u00e3o de uma personalidade de destaque na luta por democracia e liberdade.<\/p>\n<p>Neste 2\u00ba Premio CUT a homenagem foi direcionada a um l\u00edder nacional que, como poucos, tinha coragem de ser, de dizer e de fazer. Luiz Gushiken, o Gushi, como era chamado por muitos companheiros e companheiras, presidiu o Sindicato dos Banc\u00e1rios de S\u00e3o Paulo, atuando de forma ativa contra a ditadura militar, pela redemocratiza\u00e7\u00e3o do Pa\u00eds e em defesa da categoria banc\u00e1ria.<\/p>\n<p>Esteve \u00e0 frente da maior greve nacional dos banc\u00e1rios, em 1985. Foi um dos fundadores do Partido dos Trabalhadores e participou da cria\u00e7\u00e3o da CUT.<\/p>\n<p>J\u00e1 doente, acabou v\u00edtima de uma campanha caluniosa por parte da Procuradoria Geral da Rep\u00fablica e da imprensa no processo da A\u00e7\u00e3o Penal 470. Gushiken resistiu com dignidade, pautado pelo seu curr\u00edculo \u00e9tico que sempre valorizou e seguiu na vida p\u00fablica. Foram cinco anos de tortura que acabaram por agravar seu estado de sa\u00fade. Morreu no dia 13 de setembro deste ano, em decorr\u00eancia de um c\u00e2ncer.<\/p>\n<p>Ao recordar as v\u00edtimas do tr\u00e1gico acidente que resultou no naufr\u00e1gio da embarca\u00e7\u00e3o que participava da prociss\u00e3o do C\u00edrio Fluvial no dia 12 de outubro, em Macap\u00e1, capital do Amap\u00e1, a CUT tamb\u00e9m prestou homenagem \u00e0s companheiras Odete Gomes e Elizabeth Mour\u00e3o, presidente e diretora executiva da CUT-AP, lembradas com imenso carinho e exemplo de luta e de princ\u00edpios.<\/p>\n<p><strong>Mandela, presente!<\/strong><\/p>\n<p>Como n\u00e3o poderia de ser, numa premia\u00e7\u00e3o cujo objetivo \u00e9 manter acesa a chama da luta por justi\u00e7a social, direitos iguais e democracia, o Pr\u00eamio CUT reservou um espa\u00e7o para homenagear o grande l\u00edder Nelson Madiba Mandela, que faleceu na semana passada.<\/p>\n<p>Mandela, s\u00edmbolo da resist\u00eancia contra o regime de segrega\u00e7\u00e3o racial na \u00c1frica do Sul (apartheid), carregava consigo o ideal de uma sociedade livre e democr\u00e1tica, onde todas as pessoas pudessem viver juntas, em harmonia, com oportunidades iguais.<\/p>\n<p>\u201cCom sua resist\u00eancia e determina\u00e7\u00e3o em defesa de um mundo melhor, sintetiza os valores mais preciosos que um ser humano \u00e9 capaz de ter. Seu legado serve de exemplo na luta contra opressores, contra a discrimina\u00e7\u00e3o racial e intoler\u00e2ncia social em todo o mundo\u201d, dizia o texto lido pela atriz Zez\u00e9 Mota.<\/p>\n<p><strong>Pela anula\u00e7\u00e3o imediata do julgamento midi\u00e1tico<\/strong><\/p>\n<p>A noite de premia\u00e7\u00e3o terminou com um ato de desagravo a Jos\u00e9 Geno\u00edno, Jos\u00e9 Dirceu e Del\u00fabio Soares em decorr\u00eancia do julgamento de exce\u00e7\u00e3o da A\u00e7\u00e3o Penal 470, conduzido de forma explicitamente pol\u00edtica e midi\u00e1tica.<\/p>\n<p>Desde o julgamento at\u00e9 as condena\u00e7\u00f5es que resultaram na pris\u00e3o dos companheiros, tudo foi orquestrado a partir de viola\u00e7\u00f5es aos direitos constitucionais. A execu\u00e7\u00e3o das penas, por exemplo, ocorreu antes mesmo do tr\u00e2nsito em julgado, rasgando os princ\u00edpios determinados pela Constitui\u00e7\u00e3o Federal.<\/p>\n<p>Na presen\u00e7a dos familiares (M\u00f4nica Valente, mulher de Del\u00fabio; Miruna e Ronan, filhos de Genoino; Camila e Joana, filhas de Dirceu) e dos dirigentes da executiva nacional da CUT, o presidente da Central, Vagner Freitas, afirmou que todos os esfor\u00e7os ser\u00e3o feitos pela anula\u00e7\u00e3o imediata da A\u00e7\u00e3o Penal 470.<\/p>\n<p>\u201cSe for preciso nossa milit\u00e2ncia vai \u00e0s ruas lutar at\u00e9 o fim para que este julgamento de exce\u00e7\u00e3o seja anulado e exigir que prevale\u00e7a o estado de Direito. \u00c9 uma mancha na hist\u00f3ria do nosso Pa\u00eds, um ataque \u00e0 democracia. N\u00e3o vamos nos calar, n\u00e3o vamos baixar a cabe\u00e7a, porque precisamos alertar o povo brasileiro sobre esta postura ditatorial do ministro presidente do STF, Joaquim Barbosa, que se coloca acima da lei. A CUT n\u00e3o tem medo de ditadura e ditadores. Ajudamos a derrubar uma e n\u00e3o aceitaremos que o presidente do STF fa\u00e7a um julgamento pelo simples sentimento de vingan\u00e7a\u201d, assinalou Vagner.<\/p>\n<p><strong>Sobre o Pr\u00eamio CUT<\/strong><\/p>\n<p>Lan\u00e7ado no dia 13 de dezembro de 2010 com ato na sede da ABI (Associa\u00e7\u00e3o Brasileira de Imprensa), no Rio de Janeiro, o Pr\u00eamio CUT Liberdade e Democracia Sempre ocorre neste per\u00edodo para que jamais se esque\u00e7a um dos epis\u00f3dios que mancharam a hist\u00f3ria do Brasil.<\/p>\n<p>Em 13 de dezembro de 1968 foi publicado o Ato Institucional n\u00ba5 (AI-5), considerado um golpe dentro do pr\u00f3prio golpe, endurecendo a repress\u00e3o e fortalecendo o poder autorit\u00e1rio dos militares.<br \/>Entre as suas delibera\u00e7\u00f5es, determinava o fechamento do Congresso Nacional, a suspens\u00e3o dos direitos pol\u00edticos e das garantias constitucionais, cassa\u00e7\u00e3o de mandatos.<\/p>\n<p>Em conson\u00e2ncia com o trabalho que a Comiss\u00e3o Nacional da Verdade vem promovendo, a Comiss\u00e3o Nacional da Verdade, Mem\u00f3ria e Justi\u00e7a da CUT, criada em maio de 2013, tem realizado diversas atividades pelo Brasil para resgatar a mem\u00f3ria hist\u00f3rica e restabelecer a verdade dos fatos a partir da vis\u00e3o da classe trabalhadora.<\/p>\n<p>A estatueta entregue aos premiados foi esculpida pelo artista pl\u00e1stico Elifas Andreato, reconhecido pelas suas c\u00e9lebres capas de discos nos anos 70 e por sua luta em resist\u00eancia ao golpe militar.<br \/>J\u00e1 o Pr\u00eamio CUT Democracia e Liberdade Sempre contou com apoio da Caixa Econ\u00f4mica Federal.<\/p>\n<p>Fonte: William Pedreira, da CUT Nacional<\/p>\n","protected":false},"excerpt":{"rendered":"<p>Protagonista na luta pela redemocratiza\u00e7\u00e3o do Pa\u00eds e das mudan\u00e7as sociais e econ\u00f4micas consolidadas nos \u00faltimos dez anos, a CUT mais uma vez fez hist\u00f3ria. Na cerim\u00f4nia do 2\u00ba Pr\u00eamio CUT Democracia e Liberdade Sempre realizada na noite desta segunda-feira, dia 9, no Teatro da Universidade Cat\u00f3lica (Tuca-PUC), em S\u00e3o Paulo, a Central renovou seu [&hellip;]<\/p>\n","protected":false},"author":1,"featured_media":0,"comment_status":"","ping_status":"","sticky":false,"template":"","format":"standard","meta":{"footnotes":""},"categories":[3],"tags":[],"class_list":["post-1805","post","type-post","status-publish","format-standard","hentry","category-noticias"],"_links":{"self":[{"href":"https:\/\/hostnetart.com.br\/baixada\/wp-json\/wp\/v2\/posts\/1805","targetHints":{"allow":["GET"]}}],"collection":[{"href":"https:\/\/hostnetart.com.br\/baixada\/wp-json\/wp\/v2\/posts"}],"about":[{"href":"https:\/\/hostnetart.com.br\/baixada\/wp-json\/wp\/v2\/types\/post"}],"author":[{"embeddable":true,"href":"https:\/\/hostnetart.com.br\/baixada\/wp-json\/wp\/v2\/users\/1"}],"replies":[{"embeddable":true,"href":"https:\/\/hostnetart.com.br\/baixada\/wp-json\/wp\/v2\/comments?post=1805"}],"version-history":[{"count":0,"href":"https:\/\/hostnetart.com.br\/baixada\/wp-json\/wp\/v2\/posts\/1805\/revisions"}],"wp:attachment":[{"href":"https:\/\/hostnetart.com.br\/baixada\/wp-json\/wp\/v2\/media?parent=1805"}],"wp:term":[{"taxonomy":"category","embeddable":true,"href":"https:\/\/hostnetart.com.br\/baixada\/wp-json\/wp\/v2\/categories?post=1805"},{"taxonomy":"post_tag","embeddable":true,"href":"https:\/\/hostnetart.com.br\/baixada\/wp-json\/wp\/v2\/tags?post=1805"}],"curies":[{"name":"wp","href":"https:\/\/api.w.org\/{rel}","templated":true}]}}