{"id":1803,"date":"2013-12-10T00:00:00","date_gmt":"2013-12-10T02:00:00","guid":{"rendered":"https:\/\/hostnetart.com.br\/baixada\/caixa-antecipa-pagamento-dos-salarios-de-dezembro-para-dia-16\/"},"modified":"2013-12-10T00:00:00","modified_gmt":"2013-12-10T02:00:00","slug":"caixa-antecipa-pagamento-dos-salarios-de-dezembro-para-dia-16","status":"publish","type":"post","link":"https:\/\/hostnetart.com.br\/baixada\/caixa-antecipa-pagamento-dos-salarios-de-dezembro-para-dia-16\/","title":{"rendered":"Caixa antecipa pagamento dos sal\u00e1rios de dezembro para dia 16"},"content":{"rendered":"<p>A Caixa Econ\u00f4mica Federal informou nesta segunda-feira, dia 9, que ir\u00e1 antecipar o pagamento dos sal\u00e1rios de dezembro para o dia 16 e o cr\u00e9dito do aux\u00edlio e cesta-alimenta\u00e7\u00e3o para o dia 13.<\/p>\n<p>Para Jair Pedro Ferreira, coordenador da Comiss\u00e3o Executiva dos Empregados (CEE-Caixa), que assessora a Contraf-CUT nas negocia\u00e7\u00f5es com o banco, a a\u00e7\u00e3o da empresa com a antecipa\u00e7\u00e3o do pagamento \u00e9 positiva, mas lembra que os empregados continuam trabalhando com jornada de trabalho extenuante e outras in\u00fameras dificuldades. \u201cH\u00e1 muita sobrecarga de servi\u00e7os e cobran\u00e7a de metas abusivas. A Caixa tem que aumentar o ritmo das contrata\u00e7\u00f5es e garantir condi\u00e7\u00f5es dignas de trabalho\u201d, afirma Jair.<\/p>\n<p>Em nota, o banco p\u00fablico ressaltou que a antecipa\u00e7\u00e3o do pagamento \u00e9 um reconhecimento ao trabalho de todos os empregados para o alcance dos resultados da empresa.<\/p>\n<p>O documento divulgado pelo banco destacou o forte registro de crescimento em 2013 da carteira de cr\u00e9dito, recorde de contrata\u00e7\u00f5es no cr\u00e9dito imobili\u00e1rio, na poupan\u00e7a e lucro recorde no primeiro semestre. \u201c2013 foi um ano de muitas conquistas para a Caixa e para todos n\u00f3s\u201d, resume o vice-presidente de Gest\u00e3o de Pessoas, S\u00e9rgio Pinheiro, agradecendo o empenho dos empregados para a conquista desses resultados.<\/p>\n<p>Segundo Jair, os bons resultados apresentados pela Caixa s\u00e3o fruto do esfor\u00e7o e dedica\u00e7\u00e3o dos seus empregados, no entanto, as condi\u00e7\u00f5es de trabalho precisam melhorar. \u201cVale ressaltar que o n\u00famero de trabalhadores \u00e9 insuficiente diante da amplia\u00e7\u00e3o do cr\u00e9dito\u201d, conclui.<\/p>\n<p><strong>Lucro<\/strong><\/p>\n<p>A Caixa Econ\u00f4mica Federal obteve lucro l\u00edquido de R$ 5 bilh\u00f5es nos nove primeiros meses de 2013 com aumento de 19,3% em compara\u00e7\u00e3o ao mesmo per\u00edodo do ano passado e, na contram\u00e3o do que vem fazendo os bancos privados, com gera\u00e7\u00e3o de empregos e amplia\u00e7\u00e3o do n\u00famero de ag\u00eancias.<\/p>\n<p>Conforme an\u00e1lise do balan\u00e7o feita pela subse\u00e7\u00e3o do Dieese na Contraf-CUT, o n\u00famero total de empregados no banco, em setembro de 2013, foi de 96.752, com a cria\u00e7\u00e3o de 3.826 postos de trabalho em 2013, perfazendo 7.015 novas vagas em rela\u00e7\u00e3o a setembro de 2012, o que representa crescimento de 11,54% no quadro de pessoal. Foram tamb\u00e9m inauguradas 608 ag\u00eancias nos \u00faltimos 12 meses, sendo 307 at\u00e9 setembro deste ano.<\/p>\n<p>Fonte: Contraf-CUT<\/p>\n","protected":false},"excerpt":{"rendered":"<p>A Caixa Econ\u00f4mica Federal informou nesta segunda-feira, dia 9, que ir\u00e1 antecipar o pagamento dos sal\u00e1rios de dezembro para o dia 16 e o cr\u00e9dito do aux\u00edlio e cesta-alimenta\u00e7\u00e3o para o dia 13. Para Jair Pedro Ferreira, coordenador da Comiss\u00e3o Executiva dos Empregados (CEE-Caixa), que assessora a Contraf-CUT nas negocia\u00e7\u00f5es com o banco, a a\u00e7\u00e3o [&hellip;]<\/p>\n","protected":false},"author":1,"featured_media":0,"comment_status":"","ping_status":"","sticky":false,"template":"","format":"standard","meta":{"footnotes":""},"categories":[3],"tags":[],"class_list":["post-1803","post","type-post","status-publish","format-standard","hentry","category-noticias"],"_links":{"self":[{"href":"https:\/\/hostnetart.com.br\/baixada\/wp-json\/wp\/v2\/posts\/1803","targetHints":{"allow":["GET"]}}],"collection":[{"href":"https:\/\/hostnetart.com.br\/baixada\/wp-json\/wp\/v2\/posts"}],"about":[{"href":"https:\/\/hostnetart.com.br\/baixada\/wp-json\/wp\/v2\/types\/post"}],"author":[{"embeddable":true,"href":"https:\/\/hostnetart.com.br\/baixada\/wp-json\/wp\/v2\/users\/1"}],"replies":[{"embeddable":true,"href":"https:\/\/hostnetart.com.br\/baixada\/wp-json\/wp\/v2\/comments?post=1803"}],"version-history":[{"count":0,"href":"https:\/\/hostnetart.com.br\/baixada\/wp-json\/wp\/v2\/posts\/1803\/revisions"}],"wp:attachment":[{"href":"https:\/\/hostnetart.com.br\/baixada\/wp-json\/wp\/v2\/media?parent=1803"}],"wp:term":[{"taxonomy":"category","embeddable":true,"href":"https:\/\/hostnetart.com.br\/baixada\/wp-json\/wp\/v2\/categories?post=1803"},{"taxonomy":"post_tag","embeddable":true,"href":"https:\/\/hostnetart.com.br\/baixada\/wp-json\/wp\/v2\/tags?post=1803"}],"curies":[{"name":"wp","href":"https:\/\/api.w.org\/{rel}","templated":true}]}}