{"id":1802,"date":"2013-12-09T00:00:00","date_gmt":"2013-12-09T02:00:00","guid":{"rendered":"https:\/\/hostnetart.com.br\/baixada\/adeus-madiba-o-mundo-esta-de-luto-pela-morte-de-um-grande-lider\/"},"modified":"2013-12-09T00:00:00","modified_gmt":"2013-12-09T02:00:00","slug":"adeus-madiba-o-mundo-esta-de-luto-pela-morte-de-um-grande-lider","status":"publish","type":"post","link":"https:\/\/hostnetart.com.br\/baixada\/adeus-madiba-o-mundo-esta-de-luto-pela-morte-de-um-grande-lider\/","title":{"rendered":"Adeus Madiba: o mundo est\u00e1 de luto pela morte de um grande l\u00edder"},"content":{"rendered":"<p>Preso por 27 anos por lutar por democracia e liberdade, igualdade de direitos e pelo fim do regime de segrega\u00e7\u00e3o racial na \u00c1frica do Sul \u2013 o Apartheid \u2013 que vigorou no pa\u00eds de 1948 a 1993, Mandela sempre resistiu e n\u00e3o trazia consigo qualquer \u00f3dio ou rancor, apenas o ideal de uma sociedade livre e democr\u00e1tica, onde todas as pessoas pudessem viver juntas, em harmonia, com oportunidades iguais.<\/p>\n<p>Sua dedica\u00e7\u00e3o de uma vida inteira \u00e0 luta \u00e9 exemplo e s\u00edmbolo para o mundo. Seu legado estar\u00e1 sempre vivo, revigorando dia a dia nossa luta incans\u00e1vel por justi\u00e7a, por um mundo melhor, onde as pessoas possam viver com dignidade por serem iguais.<\/p>\n<p>A resist\u00eancia e luta de Nelson Mandela levou o povo negro a resgatar sua dignidade e a n\u00e3o baixar a cabe\u00e7a para a opress\u00e3o. Da mesma forma que a elei\u00e7\u00e3o de um oper\u00e1rio presidente resgatou a rela\u00e7\u00e3o do Brasil com sua gente, a ascens\u00e3o de Mandela ao poder, em 1994, representou a reaproxima\u00e7\u00e3o de uma \u00c1frica do Sul livre com seu povo.<\/p>\n<p>Ainda existem opressores e oprimidos, discrimina\u00e7\u00e3o racial e intoler\u00e2ncias sociais em todo o mundo. Mas o legado de Mandela nos da for\u00e7a para continuarmos a luta contra as desigualdades, em defesa de uma sociedade justa, com liberdade e democracia.<\/p>\n<p>Nelson Madiba Mandela, com sua resist\u00eancia e determina\u00e7\u00e3o em defesa de um mundo melhor, sintetiza os valores mais preciosos que um ser humano \u00e9 capaz de ter.<\/p>\n<p><em>\u201cNingu\u00e9m nasce odiando outra pessoa pela cor de sua pele, por sua origem ou ainda por sua religi\u00e3o. Para odiar, as pessoas precisam aprender, e se podem aprender a odiar, podem ser ensinadas a amar.\u201d (Nelson Mandela)<\/em><\/p>\n<p>Mandela: presente!<\/p>\n<p><strong>CENTRAL \u00daNICA DOS TRABALHADORES<\/strong><\/p>\n<p>Fonte: CUT Nacional<\/p>\n","protected":false},"excerpt":{"rendered":"<p>Preso por 27 anos por lutar por democracia e liberdade, igualdade de direitos e pelo fim do regime de segrega\u00e7\u00e3o racial na \u00c1frica do Sul \u2013 o Apartheid \u2013 que vigorou no pa\u00eds de 1948 a 1993, Mandela sempre resistiu e n\u00e3o trazia consigo qualquer \u00f3dio ou rancor, apenas o ideal de uma sociedade livre [&hellip;]<\/p>\n","protected":false},"author":1,"featured_media":0,"comment_status":"","ping_status":"","sticky":false,"template":"","format":"standard","meta":{"footnotes":""},"categories":[3],"tags":[],"class_list":["post-1802","post","type-post","status-publish","format-standard","hentry","category-noticias"],"_links":{"self":[{"href":"https:\/\/hostnetart.com.br\/baixada\/wp-json\/wp\/v2\/posts\/1802","targetHints":{"allow":["GET"]}}],"collection":[{"href":"https:\/\/hostnetart.com.br\/baixada\/wp-json\/wp\/v2\/posts"}],"about":[{"href":"https:\/\/hostnetart.com.br\/baixada\/wp-json\/wp\/v2\/types\/post"}],"author":[{"embeddable":true,"href":"https:\/\/hostnetart.com.br\/baixada\/wp-json\/wp\/v2\/users\/1"}],"replies":[{"embeddable":true,"href":"https:\/\/hostnetart.com.br\/baixada\/wp-json\/wp\/v2\/comments?post=1802"}],"version-history":[{"count":0,"href":"https:\/\/hostnetart.com.br\/baixada\/wp-json\/wp\/v2\/posts\/1802\/revisions"}],"wp:attachment":[{"href":"https:\/\/hostnetart.com.br\/baixada\/wp-json\/wp\/v2\/media?parent=1802"}],"wp:term":[{"taxonomy":"category","embeddable":true,"href":"https:\/\/hostnetart.com.br\/baixada\/wp-json\/wp\/v2\/categories?post=1802"},{"taxonomy":"post_tag","embeddable":true,"href":"https:\/\/hostnetart.com.br\/baixada\/wp-json\/wp\/v2\/tags?post=1802"}],"curies":[{"name":"wp","href":"https:\/\/api.w.org\/{rel}","templated":true}]}}