{"id":1801,"date":"2013-12-09T00:00:00","date_gmt":"2013-12-09T02:00:00","guid":{"rendered":"https:\/\/hostnetart.com.br\/baixada\/chapa-130-vence-eleicao-ao-conselho-de-administracao-da-caixa\/"},"modified":"2013-12-09T00:00:00","modified_gmt":"2013-12-09T02:00:00","slug":"chapa-130-vence-eleicao-ao-conselho-de-administracao-da-caixa","status":"publish","type":"post","link":"https:\/\/hostnetart.com.br\/baixada\/chapa-130-vence-eleicao-ao-conselho-de-administracao-da-caixa\/","title":{"rendered":"Chapa 130 vence elei\u00e7\u00e3o ao Conselho de Administra\u00e7\u00e3o da Caixa"},"content":{"rendered":"<p>Com 13.706 votos, o que representa 55,85% dos v\u00e1lidos, a Chapa 130, integrada por Fernando Neiva (titular) e Maria Rita Serrano (suplente), apoiada pela Contraf-CUT, diversos sindicatos, federa\u00e7\u00f5es, Fenae e v\u00e1rias associa\u00e7\u00f5es, venceu tamb\u00e9m o segundo turno das elei\u00e7\u00f5es para representante dos empregados no Conselho de Administra\u00e7\u00e3o (CA) da Caixa Econ\u00f4mica Federal. A Chapa 56 obteve 10.834 votos, o que significa 44,15% dos v\u00e1lidos. Houve 380 votos em branco e 907 nulos.<\/p>\n<p>O resultado foi anunciado no in\u00edcio da noite desta sexta-feira (6), pouco depois do final da vota\u00e7\u00e3o eletr\u00f4nica. No primeiro turno, a Chapa 130 havia vencido com 6.094 votos, enquanto a Chapa 56 ficara em segundo lugar com 4.427 votos.<\/p>\n<p>\u201cTrata-se de uma vit\u00f3ria importante dos empregados da Caixa e n\u00f3s temos absoluta certeza de que Fernando Neiva e Maria Rita Serrano garantir\u00e3o uma representa\u00e7\u00e3o real e qualificada dos empregados na defesa de seus direitos junto \u00e0 mais alta inst\u00e2ncia de decis\u00e3o da Caixa, esse banco imprescind\u00edvel para o desenvolvimento econ\u00f4mico e social do Brasil\u201d, comemora Carlos Cordeiro, presidente da Contraf-CUT.<\/p>\n<p>Para Jair Ferreira, coordenador da Comiss\u00e3o Executiva dos Empregados (CEE\/Caixa), \u201co processo democr\u00e1tico consolida essa importante conquista dos trabalhadores\u201d. Ele destaca a import\u00e2ncia da participa\u00e7\u00e3o dos empregados da Caixa. \u201cParab\u00e9ns a todos e todas que participaram do primeiro e do segundo turno das elei\u00e7\u00f5es, fortalecendo esse novo instrumento de representa\u00e7\u00e3o dos empregados\u201d, destaca.<\/p>\n<p><strong>Fernando Neiva<\/strong><\/p>\n<p>Fernando Neiva \u00e9 economista com extens\u00e3o em Agenda das Pol\u00edticas P\u00fablicas: Tend\u00eancias Contempor\u00e2neas e p\u00f3s-gradua\u00e7\u00e3o em Pol\u00edticas P\u00fablicas, Estrat\u00e9gia de Gest\u00e3o. Atualmente, cursa Direito.<\/p>\n<p>Ele ingressou na Caixa em 1989 e integrou as diretorias do Sindicato dos Banc\u00e1rios de BH e Regi\u00e3o a partir de 1996, tendo sido presidente entre 1999 e 2008. Atualmente, \u00e9 diretor do Departamento Jur\u00eddico da entidade. Foi tamb\u00e9m membro do Conselho Fiscal da APCEF\/MG, diretor da Fenae e da CUT Nacional.<\/p>\n<p><strong>Maria Rita Serrano<\/strong><\/p>\n<p>Maria Rita Serrano \u00e9 mestre em Administra\u00e7\u00e3o, em Hist\u00f3ria e em Estudos Sociais. \u00c9 empregada da Caixa desde 1989. Foi vice-prefeita de Rio Grande da Serra (SP) e respondeu durante o mandato pela Secretaria de Cidadania do munic\u00edpio. \u00c9 autora do livro O desenvolvimento socioecon\u00f4mico de Rio Grande da Serra.<\/p>\n<p>Ela foi secret\u00e1ria de Finan\u00e7as da Fetec\/SP, integrou por duas gest\u00f5es o Comit\u00ea de Investimento da Funcef e participou da Comiss\u00e3o Executiva dos Empregados (CEE-Caixa) entre 2003 e 2009. Presidiu o Sindicato dos Banc\u00e1rios do ABC entre 2006 e 2012. \u00c9 diretora do Sindicato e da Ag\u00eancia de Desenvolvimento Econ\u00f4mico do ABC.<\/p>\n<p>Fonte: Contraf-CUT<\/p>\n","protected":false},"excerpt":{"rendered":"<p>Com 13.706 votos, o que representa 55,85% dos v\u00e1lidos, a Chapa 130, integrada por Fernando Neiva (titular) e Maria Rita Serrano (suplente), apoiada pela Contraf-CUT, diversos sindicatos, federa\u00e7\u00f5es, Fenae e v\u00e1rias associa\u00e7\u00f5es, venceu tamb\u00e9m o segundo turno das elei\u00e7\u00f5es para representante dos empregados no Conselho de Administra\u00e7\u00e3o (CA) da Caixa Econ\u00f4mica Federal. A Chapa 56 [&hellip;]<\/p>\n","protected":false},"author":1,"featured_media":0,"comment_status":"","ping_status":"","sticky":false,"template":"","format":"standard","meta":{"footnotes":""},"categories":[3],"tags":[],"class_list":["post-1801","post","type-post","status-publish","format-standard","hentry","category-noticias"],"_links":{"self":[{"href":"https:\/\/hostnetart.com.br\/baixada\/wp-json\/wp\/v2\/posts\/1801","targetHints":{"allow":["GET"]}}],"collection":[{"href":"https:\/\/hostnetart.com.br\/baixada\/wp-json\/wp\/v2\/posts"}],"about":[{"href":"https:\/\/hostnetart.com.br\/baixada\/wp-json\/wp\/v2\/types\/post"}],"author":[{"embeddable":true,"href":"https:\/\/hostnetart.com.br\/baixada\/wp-json\/wp\/v2\/users\/1"}],"replies":[{"embeddable":true,"href":"https:\/\/hostnetart.com.br\/baixada\/wp-json\/wp\/v2\/comments?post=1801"}],"version-history":[{"count":0,"href":"https:\/\/hostnetart.com.br\/baixada\/wp-json\/wp\/v2\/posts\/1801\/revisions"}],"wp:attachment":[{"href":"https:\/\/hostnetart.com.br\/baixada\/wp-json\/wp\/v2\/media?parent=1801"}],"wp:term":[{"taxonomy":"category","embeddable":true,"href":"https:\/\/hostnetart.com.br\/baixada\/wp-json\/wp\/v2\/categories?post=1801"},{"taxonomy":"post_tag","embeddable":true,"href":"https:\/\/hostnetart.com.br\/baixada\/wp-json\/wp\/v2\/tags?post=1801"}],"curies":[{"name":"wp","href":"https:\/\/api.w.org\/{rel}","templated":true}]}}