{"id":1797,"date":"2013-12-05T00:00:00","date_gmt":"2013-12-05T02:00:00","guid":{"rendered":"https:\/\/hostnetart.com.br\/baixada\/contraf-cut-retoma-negociacoes-permanentes-com-a-caixa-no-dia-18\/"},"modified":"2013-12-05T00:00:00","modified_gmt":"2013-12-05T02:00:00","slug":"contraf-cut-retoma-negociacoes-permanentes-com-a-caixa-no-dia-18","status":"publish","type":"post","link":"https:\/\/hostnetart.com.br\/baixada\/contraf-cut-retoma-negociacoes-permanentes-com-a-caixa-no-dia-18\/","title":{"rendered":"Contraf-CUT retoma negocia\u00e7\u00f5es permanentes com a Caixa no dia 18"},"content":{"rendered":"<p>A Contraf-CUT, federa\u00e7\u00f5es e sindicatos, assessorados pela Comiss\u00e3o Executiva dos Empregados (CEE\/Caixa), retomam no pr\u00f3ximo dia 18, \u00e0s 10 horas, as negocia\u00e7\u00f5es permanentes com a Caixa Econ\u00f4mica Federal, em Bras\u00edlia, para discutir as condi\u00e7\u00f5es de trabalho nas unidades do banco.<\/p>\n<p>Esta ser\u00e1 a primeira negocia\u00e7\u00e3o com a empresa ap\u00f3s assinatura do acordo coletivo com as quest\u00f5es espec\u00edficas dos empregados, ocorrida no dia 18 de outubro, em S\u00e3o Paulo.<\/p>\n<p>Segundo Jair Ferreira, coordenador da CEE\/Caixa, \u201ca negocia\u00e7\u00e3o permanente \u00e9 um espa\u00e7o importante para os empregados, onde temos a oportunidade de debater reivindica\u00e7\u00f5es espec\u00edficas com mais profundidade com o banco, buscando novos avan\u00e7os e conquistas, sobretudo na perspectiva de melhorar as condi\u00e7\u00f5es de trabalho\u201d.<\/p>\n<p><strong>Reuni\u00e3o da CEE\/Caixa<\/strong><\/p>\n<p>A Contraf-CUT promove no dia 17, \u00e0s 16h, uma reuni\u00e3o da CEE\/Caixa nas depend\u00eancias da Fenae para preparar os debates com o banco.<\/p>\n<p>Fonte: Contraf-CUT<\/p>\n","protected":false},"excerpt":{"rendered":"<p>A Contraf-CUT, federa\u00e7\u00f5es e sindicatos, assessorados pela Comiss\u00e3o Executiva dos Empregados (CEE\/Caixa), retomam no pr\u00f3ximo dia 18, \u00e0s 10 horas, as negocia\u00e7\u00f5es permanentes com a Caixa Econ\u00f4mica Federal, em Bras\u00edlia, para discutir as condi\u00e7\u00f5es de trabalho nas unidades do banco. Esta ser\u00e1 a primeira negocia\u00e7\u00e3o com a empresa ap\u00f3s assinatura do acordo coletivo com as [&hellip;]<\/p>\n","protected":false},"author":1,"featured_media":0,"comment_status":"","ping_status":"","sticky":false,"template":"","format":"standard","meta":{"footnotes":""},"categories":[3],"tags":[],"class_list":["post-1797","post","type-post","status-publish","format-standard","hentry","category-noticias"],"_links":{"self":[{"href":"https:\/\/hostnetart.com.br\/baixada\/wp-json\/wp\/v2\/posts\/1797","targetHints":{"allow":["GET"]}}],"collection":[{"href":"https:\/\/hostnetart.com.br\/baixada\/wp-json\/wp\/v2\/posts"}],"about":[{"href":"https:\/\/hostnetart.com.br\/baixada\/wp-json\/wp\/v2\/types\/post"}],"author":[{"embeddable":true,"href":"https:\/\/hostnetart.com.br\/baixada\/wp-json\/wp\/v2\/users\/1"}],"replies":[{"embeddable":true,"href":"https:\/\/hostnetart.com.br\/baixada\/wp-json\/wp\/v2\/comments?post=1797"}],"version-history":[{"count":0,"href":"https:\/\/hostnetart.com.br\/baixada\/wp-json\/wp\/v2\/posts\/1797\/revisions"}],"wp:attachment":[{"href":"https:\/\/hostnetart.com.br\/baixada\/wp-json\/wp\/v2\/media?parent=1797"}],"wp:term":[{"taxonomy":"category","embeddable":true,"href":"https:\/\/hostnetart.com.br\/baixada\/wp-json\/wp\/v2\/categories?post=1797"},{"taxonomy":"post_tag","embeddable":true,"href":"https:\/\/hostnetart.com.br\/baixada\/wp-json\/wp\/v2\/tags?post=1797"}],"curies":[{"name":"wp","href":"https:\/\/api.w.org\/{rel}","templated":true}]}}