{"id":1796,"date":"2013-12-05T00:00:00","date_gmt":"2013-12-05T02:00:00","guid":{"rendered":"https:\/\/hostnetart.com.br\/baixada\/santander-adia-reuniao-sobre-mudancas-nos-planos-de-saude-para-dia-11\/"},"modified":"2013-12-05T00:00:00","modified_gmt":"2013-12-05T02:00:00","slug":"santander-adia-reuniao-sobre-mudancas-nos-planos-de-saude-para-dia-11","status":"publish","type":"post","link":"https:\/\/hostnetart.com.br\/baixada\/santander-adia-reuniao-sobre-mudancas-nos-planos-de-saude-para-dia-11\/","title":{"rendered":"Santander adia reuni\u00e3o sobre mudan\u00e7as nos planos de sa\u00fade para dia 11"},"content":{"rendered":"<p>O Santander transferiu para o dia 11, \u00e0s 16 horas, a reuni\u00e3o espec\u00edfica para discutir com as entidades sindicais as mudan\u00e7as unilaterais nos planos de sa\u00fade, com exce\u00e7\u00e3o da Cabesp. O encontro iria ocorrer nesta quarta-feira (4), conforme agendamento feito no dia 27 de novembro no \u00faltimo Comit\u00ea de Rela\u00e7\u00f5es Trabalhistas (CRT).<\/p>\n<p>\u00a0<\/p>\n<p>Os dirigentes sindicais reivindicaram no CRT que o banco forne\u00e7a uma c\u00f3pia do contrato e dos estudos atuariais que embasaram os novos valores, uma vez que os trabalhadores fazem parte do contrato e para que os dois lados da mesa de negocia\u00e7\u00e3o tenham acesso \u00e0s informa\u00e7\u00f5es. At\u00e9 agora, o banco n\u00e3o se manifestou nem encaminhou os documentos solicitados.<\/p>\n<p>\u00a0<\/p>\n<p>Al\u00e9m do reajuste m\u00e9dio de 28,5%, h\u00e1 altera\u00e7\u00f5es profundas nas regras dos aposentados, cujas contribui\u00e7\u00f5es a partir de 2014 passar\u00e3o a levar em conta a faixa et\u00e1ria e ir\u00e3o quase triplicar ao final do prazo de cinco anos.<\/p>\n<p>\u00a0<\/p>\n<p>\u201cEssas mudan\u00e7as n\u00e3o foram negociadas com o movimento sindical, encarecer\u00e3o os planos para os funcion\u00e1rios na ativa e, o que \u00e9 ainda pior, poder\u00e3o excluir centenas de aposentados que dedicaram toda a sua vida profissional ao banco porque n\u00e3o conseguir\u00e3o arcar com os novos valores\u201d, destaca o secret\u00e1rio de imprensa da Contraf-CUT, Ademir Wiederkehr.<\/p>\n<p>\u00a0<\/p>\n<p>Fonte: Contraf-CUT<\/p>\n","protected":false},"excerpt":{"rendered":"<p>O Santander transferiu para o dia 11, \u00e0s 16 horas, a reuni\u00e3o espec\u00edfica para discutir com as entidades sindicais as mudan\u00e7as unilaterais nos planos de sa\u00fade, com exce\u00e7\u00e3o da Cabesp. O encontro iria ocorrer nesta quarta-feira (4), conforme agendamento feito no dia 27 de novembro no \u00faltimo Comit\u00ea de Rela\u00e7\u00f5es Trabalhistas (CRT). \u00a0 Os dirigentes [&hellip;]<\/p>\n","protected":false},"author":1,"featured_media":0,"comment_status":"","ping_status":"","sticky":false,"template":"","format":"standard","meta":{"footnotes":""},"categories":[3],"tags":[],"class_list":["post-1796","post","type-post","status-publish","format-standard","hentry","category-noticias"],"_links":{"self":[{"href":"https:\/\/hostnetart.com.br\/baixada\/wp-json\/wp\/v2\/posts\/1796","targetHints":{"allow":["GET"]}}],"collection":[{"href":"https:\/\/hostnetart.com.br\/baixada\/wp-json\/wp\/v2\/posts"}],"about":[{"href":"https:\/\/hostnetart.com.br\/baixada\/wp-json\/wp\/v2\/types\/post"}],"author":[{"embeddable":true,"href":"https:\/\/hostnetart.com.br\/baixada\/wp-json\/wp\/v2\/users\/1"}],"replies":[{"embeddable":true,"href":"https:\/\/hostnetart.com.br\/baixada\/wp-json\/wp\/v2\/comments?post=1796"}],"version-history":[{"count":0,"href":"https:\/\/hostnetart.com.br\/baixada\/wp-json\/wp\/v2\/posts\/1796\/revisions"}],"wp:attachment":[{"href":"https:\/\/hostnetart.com.br\/baixada\/wp-json\/wp\/v2\/media?parent=1796"}],"wp:term":[{"taxonomy":"category","embeddable":true,"href":"https:\/\/hostnetart.com.br\/baixada\/wp-json\/wp\/v2\/categories?post=1796"},{"taxonomy":"post_tag","embeddable":true,"href":"https:\/\/hostnetart.com.br\/baixada\/wp-json\/wp\/v2\/tags?post=1796"}],"curies":[{"name":"wp","href":"https:\/\/api.w.org\/{rel}","templated":true}]}}