{"id":1795,"date":"2013-12-02T00:00:00","date_gmt":"2013-12-02T02:00:00","guid":{"rendered":"https:\/\/hostnetart.com.br\/baixada\/contraf-cut-retoma-negociacao-sobre-acordo-aditivo-com-hsbc-no-dia-6\/"},"modified":"2013-12-02T00:00:00","modified_gmt":"2013-12-02T02:00:00","slug":"contraf-cut-retoma-negociacao-sobre-acordo-aditivo-com-hsbc-no-dia-6","status":"publish","type":"post","link":"https:\/\/hostnetart.com.br\/baixada\/contraf-cut-retoma-negociacao-sobre-acordo-aditivo-com-hsbc-no-dia-6\/","title":{"rendered":"Contraf-CUT retoma negocia\u00e7\u00e3o sobre acordo aditivo com HSBC no dia 6"},"content":{"rendered":"<p>A Contraf-CUT, federa\u00e7\u00f5es e sindicatos se re\u00fanem na pr\u00f3xima sexta-feira, dia 6 de dezembro, das 12h \u00e0s 14h, em S\u00e3o Paulo, com o HSBC para discutir a pauta de negocia\u00e7\u00f5es espec\u00edficas, buscando retomar a discuss\u00e3o sobre emprego e formaliza\u00e7\u00e3o em Acordo Coletivo de Trabalho (ACT). Trata-se de um instrumento aditivo \u00e0 conven\u00e7\u00e3o coletiva dos banc\u00e1rios, com os direitos j\u00e1 conquistados pelos funcion\u00e1rios do banco ingl\u00eas.<\/p>\n<p>Tamb\u00e9m est\u00e1 prevista a apresenta\u00e7\u00e3o pelo banco da nova proposta de PPR para o exerc\u00edcio de 2014.<\/p>\n<p>Em agosto, os banc\u00e1rios conseguiram que o HSBC aceitasse que conquistas como plano de sa\u00fade e odontol\u00f3gico, direito a folgas por tempo de casa e no dia do anivers\u00e1rio, adiantamento salarial, no caso das f\u00e9rias em at\u00e9 cinco parcelas, e bolsa educacional, entre outras, fa\u00e7am parte de um ACT que agora precisa ser formalizado.<\/p>\n<p>Os resultados que o banco tem divulgado e os impactos na PLR e PPR tamb\u00e9m ser\u00e3o discutidos, assim como a quest\u00e3o do emprego, uma das principais preocupa\u00e7\u00f5es dos funcion\u00e1rios.<\/p>\n<p>\u201cPrecisamos retomar a nossa organiza\u00e7\u00e3o e mobiliza\u00e7\u00e3o porque as demiss\u00f5es continuam acontecendo e \u00e9 urgente colocarmos nas ruas uma campanha de valoriza\u00e7\u00e3o dos funcion\u00e1rios do HSBC\u201d, destaca Carlos Alberto Kanak, coordenador da Comiss\u00e3o de Organiza\u00e7\u00e3o dos Empregados (COE) do HSBC, que assessora a Contraf-CUT nas negocia\u00e7\u00f5es com o banco.<\/p>\n<p><strong>Reuni\u00e3o da COE do HSBC<\/strong><\/p>\n<p>Na v\u00e9spera, a Contraf-CUT promove na quinta-feira, dia 5 de dezembro, das 10h, uma reuni\u00e3o da COE do HSBC, com o objetivo de preparar os debates com o banco.<\/p>\n<p>Fonte: Contraf-CUT<\/p>\n","protected":false},"excerpt":{"rendered":"<p>A Contraf-CUT, federa\u00e7\u00f5es e sindicatos se re\u00fanem na pr\u00f3xima sexta-feira, dia 6 de dezembro, das 12h \u00e0s 14h, em S\u00e3o Paulo, com o HSBC para discutir a pauta de negocia\u00e7\u00f5es espec\u00edficas, buscando retomar a discuss\u00e3o sobre emprego e formaliza\u00e7\u00e3o em Acordo Coletivo de Trabalho (ACT). Trata-se de um instrumento aditivo \u00e0 conven\u00e7\u00e3o coletiva dos banc\u00e1rios, [&hellip;]<\/p>\n","protected":false},"author":1,"featured_media":0,"comment_status":"","ping_status":"","sticky":false,"template":"","format":"standard","meta":{"footnotes":""},"categories":[3],"tags":[],"class_list":["post-1795","post","type-post","status-publish","format-standard","hentry","category-noticias"],"_links":{"self":[{"href":"https:\/\/hostnetart.com.br\/baixada\/wp-json\/wp\/v2\/posts\/1795","targetHints":{"allow":["GET"]}}],"collection":[{"href":"https:\/\/hostnetart.com.br\/baixada\/wp-json\/wp\/v2\/posts"}],"about":[{"href":"https:\/\/hostnetart.com.br\/baixada\/wp-json\/wp\/v2\/types\/post"}],"author":[{"embeddable":true,"href":"https:\/\/hostnetart.com.br\/baixada\/wp-json\/wp\/v2\/users\/1"}],"replies":[{"embeddable":true,"href":"https:\/\/hostnetart.com.br\/baixada\/wp-json\/wp\/v2\/comments?post=1795"}],"version-history":[{"count":0,"href":"https:\/\/hostnetart.com.br\/baixada\/wp-json\/wp\/v2\/posts\/1795\/revisions"}],"wp:attachment":[{"href":"https:\/\/hostnetart.com.br\/baixada\/wp-json\/wp\/v2\/media?parent=1795"}],"wp:term":[{"taxonomy":"category","embeddable":true,"href":"https:\/\/hostnetart.com.br\/baixada\/wp-json\/wp\/v2\/categories?post=1795"},{"taxonomy":"post_tag","embeddable":true,"href":"https:\/\/hostnetart.com.br\/baixada\/wp-json\/wp\/v2\/tags?post=1795"}],"curies":[{"name":"wp","href":"https:\/\/api.w.org\/{rel}","templated":true}]}}