{"id":1792,"date":"2014-12-26T00:00:00","date_gmt":"2014-12-26T02:00:00","guid":{"rendered":"https:\/\/hostnetart.com.br\/baixada\/para-cut-reajuste-de-6-5-da-tabela-do-ir-reduz-perda-dos-trabalhadores\/"},"modified":"2014-12-26T00:00:00","modified_gmt":"2014-12-26T02:00:00","slug":"para-cut-reajuste-de-6-5-da-tabela-do-ir-reduz-perda-dos-trabalhadores","status":"publish","type":"post","link":"https:\/\/hostnetart.com.br\/baixada\/para-cut-reajuste-de-6-5-da-tabela-do-ir-reduz-perda-dos-trabalhadores\/","title":{"rendered":"Para CUT, reajuste de 6,5% da tabela do IR reduz perda dos trabalhadores"},"content":{"rendered":"<p>A corre\u00e7\u00e3o da tabela do Imposto de Renda da Pessoa F\u00edsica (IRPF), em 6,5%, aprovada na quarta-feira (17) na C\u00e2mara e no Senado, corrige parte da perda hist\u00f3rica de 61,42% acumulada na atual tabela, e beneficia principalmente os trabalhadores assalariados.<\/p>\n<p>Esta \u00e9 a avalia\u00e7\u00e3o do presidente da CUT, Vagner Freitas, para quem a n\u00e3o corre\u00e7\u00e3o da tabela penaliza o trabalhador duas vezes. Isto porque, al\u00e9m de ser tributado no sal\u00e1rio, que n\u00e3o \u00e9 renda, ressalta o dirigente, os trabalhadores s\u00e3o penalizados pela tributa\u00e7\u00e3o indireta no consumo.<\/p>\n<p>Para Vagner, a corre\u00e7\u00e3o da tabela \u00e9 importante e essencial para melhorar o poder de compra dos trabalhadores, mas n\u00e3o basta para diminuir o impacto do imposto de renda nos sal\u00e1rios.<\/p>\n<p>\u201cO Brasil precisa fazer uma reforma tribut\u00e1ria para acabar com a injusti\u00e7a tribut\u00e1ria no Pa\u00eds. \u00c9 preciso aumentar a progressividade da tabela, por meio de um n\u00famero maior de faixas. Quem ganha mais, tem de pagar mais\u201d, pontua Vagner.<\/p>\n<p>\u201c\u00c9 preciso, ainda, que os lucros, ganhos de dividendo e heran\u00e7a sejam tributados, coisa que n\u00e3o acontece no Brasil\u201d, acrescenta.<\/p>\n<p>Fonte: CUT<\/p>\n","protected":false},"excerpt":{"rendered":"<p>A corre\u00e7\u00e3o da tabela do Imposto de Renda da Pessoa F\u00edsica (IRPF), em 6,5%, aprovada na quarta-feira (17) na C\u00e2mara e no Senado, corrige parte da perda hist\u00f3rica de 61,42% acumulada na atual tabela, e beneficia principalmente os trabalhadores assalariados. Esta \u00e9 a avalia\u00e7\u00e3o do presidente da CUT, Vagner Freitas, para quem a n\u00e3o corre\u00e7\u00e3o [&hellip;]<\/p>\n","protected":false},"author":1,"featured_media":0,"comment_status":"","ping_status":"","sticky":false,"template":"","format":"standard","meta":{"footnotes":""},"categories":[3],"tags":[],"class_list":["post-1792","post","type-post","status-publish","format-standard","hentry","category-noticias"],"_links":{"self":[{"href":"https:\/\/hostnetart.com.br\/baixada\/wp-json\/wp\/v2\/posts\/1792","targetHints":{"allow":["GET"]}}],"collection":[{"href":"https:\/\/hostnetart.com.br\/baixada\/wp-json\/wp\/v2\/posts"}],"about":[{"href":"https:\/\/hostnetart.com.br\/baixada\/wp-json\/wp\/v2\/types\/post"}],"author":[{"embeddable":true,"href":"https:\/\/hostnetart.com.br\/baixada\/wp-json\/wp\/v2\/users\/1"}],"replies":[{"embeddable":true,"href":"https:\/\/hostnetart.com.br\/baixada\/wp-json\/wp\/v2\/comments?post=1792"}],"version-history":[{"count":0,"href":"https:\/\/hostnetart.com.br\/baixada\/wp-json\/wp\/v2\/posts\/1792\/revisions"}],"wp:attachment":[{"href":"https:\/\/hostnetart.com.br\/baixada\/wp-json\/wp\/v2\/media?parent=1792"}],"wp:term":[{"taxonomy":"category","embeddable":true,"href":"https:\/\/hostnetart.com.br\/baixada\/wp-json\/wp\/v2\/categories?post=1792"},{"taxonomy":"post_tag","embeddable":true,"href":"https:\/\/hostnetart.com.br\/baixada\/wp-json\/wp\/v2\/tags?post=1792"}],"curies":[{"name":"wp","href":"https:\/\/api.w.org\/{rel}","templated":true}]}}