{"id":1786,"date":"2014-12-18T00:00:00","date_gmt":"2014-12-18T02:00:00","guid":{"rendered":"https:\/\/hostnetart.com.br\/baixada\/caixa-confirma-que-pagamento-de-salarios-sera-creditado-nesta-quinta\/"},"modified":"2014-12-18T00:00:00","modified_gmt":"2014-12-18T02:00:00","slug":"caixa-confirma-que-pagamento-de-salarios-sera-creditado-nesta-quinta","status":"publish","type":"post","link":"https:\/\/hostnetart.com.br\/baixada\/caixa-confirma-que-pagamento-de-salarios-sera-creditado-nesta-quinta\/","title":{"rendered":"Caixa confirma que pagamento de sal\u00e1rios ser\u00e1 creditado nesta quinta"},"content":{"rendered":"<p>Em comunicado enviado \u00e0 Comiss\u00e3o Executiva dos Empregados (CEE\/Caixa), que assessora a Contraf-CUT nas negocia\u00e7\u00e3o com o banco, a Caixa Econ\u00f4mica Federal confirmou que efetuar\u00e1 nesta quinta-feira (18) o pagamento dos sal\u00e1rios de seus empregados.\u00a0<\/p>\n<p>Na mesma data, a Funcef tamb\u00e9m pagar\u00e1 os benef\u00edcios para as aposentadorias e pens\u00f5es, conforme informa\u00e7\u00f5es divulgadas pela \u00e1rea de comunica\u00e7\u00e3o da entidade.\u00a0<\/p>\n<p>Fonte: Contraf-CUT com Fenae<\/p>\n","protected":false},"excerpt":{"rendered":"<p>Em comunicado enviado \u00e0 Comiss\u00e3o Executiva dos Empregados (CEE\/Caixa), que assessora a Contraf-CUT nas negocia\u00e7\u00e3o com o banco, a Caixa Econ\u00f4mica Federal confirmou que efetuar\u00e1 nesta quinta-feira (18) o pagamento dos sal\u00e1rios de seus empregados.\u00a0 Na mesma data, a Funcef tamb\u00e9m pagar\u00e1 os benef\u00edcios para as aposentadorias e pens\u00f5es, conforme informa\u00e7\u00f5es divulgadas pela \u00e1rea de [&hellip;]<\/p>\n","protected":false},"author":1,"featured_media":0,"comment_status":"","ping_status":"","sticky":false,"template":"","format":"standard","meta":{"footnotes":""},"categories":[3],"tags":[],"class_list":["post-1786","post","type-post","status-publish","format-standard","hentry","category-noticias"],"_links":{"self":[{"href":"https:\/\/hostnetart.com.br\/baixada\/wp-json\/wp\/v2\/posts\/1786","targetHints":{"allow":["GET"]}}],"collection":[{"href":"https:\/\/hostnetart.com.br\/baixada\/wp-json\/wp\/v2\/posts"}],"about":[{"href":"https:\/\/hostnetart.com.br\/baixada\/wp-json\/wp\/v2\/types\/post"}],"author":[{"embeddable":true,"href":"https:\/\/hostnetart.com.br\/baixada\/wp-json\/wp\/v2\/users\/1"}],"replies":[{"embeddable":true,"href":"https:\/\/hostnetart.com.br\/baixada\/wp-json\/wp\/v2\/comments?post=1786"}],"version-history":[{"count":0,"href":"https:\/\/hostnetart.com.br\/baixada\/wp-json\/wp\/v2\/posts\/1786\/revisions"}],"wp:attachment":[{"href":"https:\/\/hostnetart.com.br\/baixada\/wp-json\/wp\/v2\/media?parent=1786"}],"wp:term":[{"taxonomy":"category","embeddable":true,"href":"https:\/\/hostnetart.com.br\/baixada\/wp-json\/wp\/v2\/categories?post=1786"},{"taxonomy":"post_tag","embeddable":true,"href":"https:\/\/hostnetart.com.br\/baixada\/wp-json\/wp\/v2\/tags?post=1786"}],"curies":[{"name":"wp","href":"https:\/\/api.w.org\/{rel}","templated":true}]}}