{"id":1781,"date":"2014-12-18T00:00:00","date_gmt":"2014-12-18T02:00:00","guid":{"rendered":"https:\/\/hostnetart.com.br\/baixada\/mulheres-sao-destaque-na-abertura-da-4-conferencia-de-saude-do-trabalhador\/"},"modified":"2014-12-18T00:00:00","modified_gmt":"2014-12-18T02:00:00","slug":"mulheres-sao-destaque-na-abertura-da-4-conferencia-de-saude-do-trabalhador","status":"publish","type":"post","link":"https:\/\/hostnetart.com.br\/baixada\/mulheres-sao-destaque-na-abertura-da-4-conferencia-de-saude-do-trabalhador\/","title":{"rendered":"Mulheres s\u00e3o destaque na abertura da 4\u00aa Confer\u00eancia de Sa\u00fade do Trabalhador"},"content":{"rendered":"<p>Na semana em que a CUT promover\u00e1 um ato pela cassa\u00e7\u00e3o do mandato do deputado federal Jair Bolsonaro (PP-RJ) por incita\u00e7\u00e3o ao crime de estupro, o presidente da Central, Vagner Freitas, e ministras destacaram o papel de protagonismo das mulheres durante a abertura da 4\u00aa Confer\u00eancia Nacional de Sa\u00fade do Trabalhador e Trabalhadora, nesta segunda-feira (16), em Bras\u00edlia.<\/p>\n<p>Vagner iniciou o seu pronunciamento com o pedido de uma salva de palmas \u00e0 deputada Maria do Ros\u00e1rio (PT-RS), a quem Bolsonaro disse que n\u00e3o estupraria porque n\u00e3o merecia. A sugest\u00e3o foi prontamente atendida e ressoou nos discursos seguintes.<\/p>\n<p>O dirigente sindical destacou ainda que a precariza\u00e7\u00e3o, o ritmo fren\u00e9tico e a terceiriza\u00e7\u00e3o s\u00e3o pilares do adoecimento dos trabalhadores. E ressaltou que a CUT defende a redu\u00e7\u00e3o da jornada semanal para 40 horas sem redu\u00e7\u00e3o de sal\u00e1rio para todos os trabalhadores, al\u00e9m de estar ao lado dos servidores da sa\u00fade na campanha pelas 30 horas semanais.<\/p>\n<p><b>Somos todos Maria do Ros\u00e1rio<\/b><\/p>\n<p>Representante da Frente Parlamentar de Seguran\u00e7a e Sa\u00fade no Trabalho, a deputada federal Erika Kokay (PT-DF) voltou ao tema da viol\u00eancia contra as mulheres ao apontar que a atitude do parlamentar com vasta ficha de ataques aos defensores dos direitos humanos representava um ataque a todas.<\/p>\n<p>\u201cSomos todas solid\u00e1rias a Maria do Ros\u00e1rio para nega\u00e7\u00e3o do instrumento da apologia do estupro como uma forma de pr\u00eamio\u201d, destacou.<\/p>\n<p>Ao referendar as palavras de Erika, a ministra da secretaria de pol\u00edticas para as mulheres, Eleonora Menicucci, destacou que o ambiente de trabalho est\u00e1 doente pelas condi\u00e7\u00f5es de trabalho que afetam a sa\u00fade mental, em especial, tr\u00eas pontos: o ass\u00e9dio moral e sexual que as trabalhadores sofrem em diferentes categorias no pa\u00eds.<\/p>\n<p>\u201c\u00c9 uma vergonha adoecer por causa do trabalho, porque esse \u00e9 o centro que estrutura a vida de mulheres e homens. E \u00e9 evidente que n\u00f3s, com nossas tripla jornada de trabalho, sofremos um processo de adoecimento muito mais vis\u00edvel. Quero que um dia n\u00e3o precisemos fazer mais de sa\u00fade do trabalhador e da trabalhadora falando em doen\u00e7a, mas sim em sa\u00fade. As mulheres tem a responsabilidade de colocar esses temas em debate, porque se formos esperar dos homens, \u00e9 melhor nem sairmos de casa\u201d, alertou a ministra.<\/p>\n<p><b>15\u00aa Confer\u00eancia de Sa\u00fade vem a\u00ed<\/b><\/p>\n<p>O ministro da Sa\u00fade, Arthur Chioro, fez um balan\u00e7o da 4\u00aa Confer\u00eancia em compara\u00e7\u00e3o \u00e0s anteriores, a \u00faltima delas, realizada h\u00e1 nove anos. Enquanto a serviu para estabelecer diretrizes, a segunda para avan\u00e7ar nessas diretrizes e a terceira para aprofundar temas espec\u00edficos como a quest\u00e3o dos agrot\u00f3xicos, a quarta apresenta tr\u00eas desafios centrais.<\/p>\n<p>\u201cN\u00e3o podemos perder de perspectiva o que j\u00e1 discutimos, que \u00e9 pensar a sa\u00fade a partir da proposta de desenvolvimento social, econ\u00f4mico e ambientalmente sustent\u00e1vel. Precisamos tamb\u00e9m qualificar a capacidade dos Centros de Refer\u00eancia de Sa\u00fade do Trabalhador (Cerests) e cuidar de problemas que n\u00e3o s\u00e3o atendidos nesses espa\u00e7os e dever\u00e3o ser tratados em redes interconectadas\u201d, disse.<\/p>\n<p>Ao ler uma mensagem enviada pela presidenta Dilma Rousseff, Chioro divulgou a assinatura do decreto que convoca a 15\u00aa Confer\u00eancia Nacional de Sa\u00fade e destacou a import\u00e2ncia desses espa\u00e7os de debate na amplia\u00e7\u00e3o da democracia.<\/p>\n<p>\u201cUma sociedade mais justa passa pelo compromisso do governo com a democratiza\u00e7\u00e3o de espa\u00e7os de gest\u00e3o, com maior transpar\u00eancia e maior participa\u00e7\u00e3o social. Passa por desvendar os meandros da democracia e expor para a sociedade brasileira os mecanismos de gest\u00e3o. Para isso, de fato, precisamos contar com um cora\u00e7\u00e3o valente que possa suportar contradi\u00e7\u00f5es e possa ter um compromisso inabal\u00e1vel com uma sociedade cada vez mais fortalecida pelos la\u00e7os da democracia e dos direitos sociais\u201d, apontou.<\/p>\n<p>A 4\u00aa Confer\u00eancia Nacional de Sa\u00fade do Trabalhador segue at\u00e9 quinta (18), quando realizar\u00e1 uma etapa final para apontar ao diretrizes de atua\u00e7\u00e3o sobre o tema.<\/p>\n<p>Fonte: Luiz Carvalho \u2013 CUT<\/p>\n","protected":false},"excerpt":{"rendered":"<p>Na semana em que a CUT promover\u00e1 um ato pela cassa\u00e7\u00e3o do mandato do deputado federal Jair Bolsonaro (PP-RJ) por incita\u00e7\u00e3o ao crime de estupro, o presidente da Central, Vagner Freitas, e ministras destacaram o papel de protagonismo das mulheres durante a abertura da 4\u00aa Confer\u00eancia Nacional de Sa\u00fade do Trabalhador e Trabalhadora, nesta segunda-feira [&hellip;]<\/p>\n","protected":false},"author":1,"featured_media":0,"comment_status":"","ping_status":"","sticky":false,"template":"","format":"standard","meta":{"footnotes":""},"categories":[3],"tags":[],"class_list":["post-1781","post","type-post","status-publish","format-standard","hentry","category-noticias"],"_links":{"self":[{"href":"https:\/\/hostnetart.com.br\/baixada\/wp-json\/wp\/v2\/posts\/1781","targetHints":{"allow":["GET"]}}],"collection":[{"href":"https:\/\/hostnetart.com.br\/baixada\/wp-json\/wp\/v2\/posts"}],"about":[{"href":"https:\/\/hostnetart.com.br\/baixada\/wp-json\/wp\/v2\/types\/post"}],"author":[{"embeddable":true,"href":"https:\/\/hostnetart.com.br\/baixada\/wp-json\/wp\/v2\/users\/1"}],"replies":[{"embeddable":true,"href":"https:\/\/hostnetart.com.br\/baixada\/wp-json\/wp\/v2\/comments?post=1781"}],"version-history":[{"count":0,"href":"https:\/\/hostnetart.com.br\/baixada\/wp-json\/wp\/v2\/posts\/1781\/revisions"}],"wp:attachment":[{"href":"https:\/\/hostnetart.com.br\/baixada\/wp-json\/wp\/v2\/media?parent=1781"}],"wp:term":[{"taxonomy":"category","embeddable":true,"href":"https:\/\/hostnetart.com.br\/baixada\/wp-json\/wp\/v2\/categories?post=1781"},{"taxonomy":"post_tag","embeddable":true,"href":"https:\/\/hostnetart.com.br\/baixada\/wp-json\/wp\/v2\/tags?post=1781"}],"curies":[{"name":"wp","href":"https:\/\/api.w.org\/{rel}","templated":true}]}}