{"id":1779,"date":"2014-12-18T00:00:00","date_gmt":"2014-12-18T02:00:00","guid":{"rendered":"https:\/\/hostnetart.com.br\/baixada\/bancarios-voltam-a-debater-exames-medicos-com-santander-nesta-terca\/"},"modified":"2014-12-18T00:00:00","modified_gmt":"2014-12-18T02:00:00","slug":"bancarios-voltam-a-debater-exames-medicos-com-santander-nesta-terca","status":"publish","type":"post","link":"https:\/\/hostnetart.com.br\/baixada\/bancarios-voltam-a-debater-exames-medicos-com-santander-nesta-terca\/","title":{"rendered":"Banc\u00e1rios voltam a debater exames m\u00e9dicos com Santander nesta ter\u00e7a"},"content":{"rendered":"<p>A Contraf-CUT, federa\u00e7\u00f5es e sindicatos, atrav\u00e9s de um grupo de trabalho em sa\u00fade do trabalhador, se re\u00fanem nesta ter\u00e7a-feira (16), das 15h \u00e0s 17h, com o m\u00e9dico coordenador do PCMSO (Programa de Controle M\u00e9dico de Sa\u00fade Ocupacional) do Santander, Gustavo Locatelli, para continuar o debate sobre a den\u00fancia, apresentada na primeira rodada de negocia\u00e7\u00e3o do acordo aditivo, acerca da exist\u00eancia de um controle nos exames m\u00e9dicos para a caracteriza\u00e7\u00e3o do funcion\u00e1rio como inapto.\u00a0<\/p>\n<p>A primeira reuni\u00e3o com a participa\u00e7\u00e3o do m\u00e9dico ocorreu no dia 23 de outubro e, na ocasi\u00e3o, ele ouviu relatos indignados de dirigentes sindicais e prometeu trazer encaminhamentos.<\/p>\n<p>Os representantes dos trabalhadores j\u00e1 entregaram ao Santander um formul\u00e1rio de \u201cprontu\u00e1rio cl\u00ednico\u201d da empresa Micelli Solu\u00e7\u00f5es em Sa\u00fade Empresarial, contratada pelo banco para fazer exames como os peri\u00f3dicos e os de retorno ao trabalho. No prontu\u00e1rio h\u00e1 um espa\u00e7o de \u201cfluxo para inaptid\u00e3o\u201d, onde o m\u00e9dico examinador deve \u201ccontatar antecipadamente o m\u00e9dico coordenador para conclus\u00e3o\u201d.<\/p>\n<p>Os diretores da Contraf-CUT, federa\u00e7\u00f5es e sindicatos apresentaram tamb\u00e9m depoimentos de funcion\u00e1rios afastados, inclusive em \u00e1udio, comprovando o procedimento ilegal. Uma trabalhadora da Bahia, com v\u00e1rios sintomas de LER\/Dort, disse que, ap\u00f3s ser atendida, o m\u00e9dico pediu que ela sa\u00edsse da sala para aguardar o resultado. \u201cEle tinha que entrar em contato com a empresa do banco para analisar a possibilidade de caracterizar a inaptid\u00e3o ao trabalho\u201d, relatou.<\/p>\n<p>Gustavo, que assumiu o cargo em janeiro, disse que n\u00e3o existe cerceamento no julgamento sobre inaptid\u00e3o e que as avali\u00e7\u00f5es preservam a autonomia do m\u00e9dico.<\/p>\n<p>Os dirigentes sindicais cobraram medidas urgentes do banco, como o fim da utiliza\u00e7\u00e3o desse prontu\u00e1rio da Micelli e a forma\u00e7\u00e3o de um grupo de trabalho para aprofundar o debate sobre o problema. O caso \u00e9 pass\u00edvel de a\u00e7\u00f5es judiciais e den\u00fancias junto aos \u00f3rg\u00e3os competentes.\u00a0<\/p>\n<p>A reuni\u00e3o desta ter\u00e7a-feira ser\u00e1 realizada na sede do Sindicato dos Banc\u00e1rios de S\u00e3o Paulo.<\/p>\n<p>Fonte: Contraf-CUT<\/p>\n","protected":false},"excerpt":{"rendered":"<p>A Contraf-CUT, federa\u00e7\u00f5es e sindicatos, atrav\u00e9s de um grupo de trabalho em sa\u00fade do trabalhador, se re\u00fanem nesta ter\u00e7a-feira (16), das 15h \u00e0s 17h, com o m\u00e9dico coordenador do PCMSO (Programa de Controle M\u00e9dico de Sa\u00fade Ocupacional) do Santander, Gustavo Locatelli, para continuar o debate sobre a den\u00fancia, apresentada na primeira rodada de negocia\u00e7\u00e3o do [&hellip;]<\/p>\n","protected":false},"author":1,"featured_media":0,"comment_status":"","ping_status":"","sticky":false,"template":"","format":"standard","meta":{"footnotes":""},"categories":[3],"tags":[],"class_list":["post-1779","post","type-post","status-publish","format-standard","hentry","category-noticias"],"_links":{"self":[{"href":"https:\/\/hostnetart.com.br\/baixada\/wp-json\/wp\/v2\/posts\/1779","targetHints":{"allow":["GET"]}}],"collection":[{"href":"https:\/\/hostnetart.com.br\/baixada\/wp-json\/wp\/v2\/posts"}],"about":[{"href":"https:\/\/hostnetart.com.br\/baixada\/wp-json\/wp\/v2\/types\/post"}],"author":[{"embeddable":true,"href":"https:\/\/hostnetart.com.br\/baixada\/wp-json\/wp\/v2\/users\/1"}],"replies":[{"embeddable":true,"href":"https:\/\/hostnetart.com.br\/baixada\/wp-json\/wp\/v2\/comments?post=1779"}],"version-history":[{"count":0,"href":"https:\/\/hostnetart.com.br\/baixada\/wp-json\/wp\/v2\/posts\/1779\/revisions"}],"wp:attachment":[{"href":"https:\/\/hostnetart.com.br\/baixada\/wp-json\/wp\/v2\/media?parent=1779"}],"wp:term":[{"taxonomy":"category","embeddable":true,"href":"https:\/\/hostnetart.com.br\/baixada\/wp-json\/wp\/v2\/categories?post=1779"},{"taxonomy":"post_tag","embeddable":true,"href":"https:\/\/hostnetart.com.br\/baixada\/wp-json\/wp\/v2\/tags?post=1779"}],"curies":[{"name":"wp","href":"https:\/\/api.w.org\/{rel}","templated":true}]}}