{"id":1769,"date":"2014-12-15T00:00:00","date_gmt":"2014-12-15T02:00:00","guid":{"rendered":"https:\/\/hostnetart.com.br\/baixada\/bancarios-do-bradesco-discutem-organizacao-para-avancar-em-2015\/"},"modified":"2014-12-15T00:00:00","modified_gmt":"2014-12-15T02:00:00","slug":"bancarios-do-bradesco-discutem-organizacao-para-avancar-em-2015","status":"publish","type":"post","link":"https:\/\/hostnetart.com.br\/baixada\/bancarios-do-bradesco-discutem-organizacao-para-avancar-em-2015\/","title":{"rendered":"Banc\u00e1rios do Bradesco discutem organiza\u00e7\u00e3o para avan\u00e7ar em 2015"},"content":{"rendered":"<p>A Contraf-CUT promoveu nesta segunda e ter\u00e7a-feira, dias 8 e 9, uma reuni\u00e3o da Comiss\u00e3o de Organiza\u00e7\u00e3o dos Empregados (COE) do Bradesco, na sede da Confedera\u00e7\u00e3o, em S\u00e3o Paulo, para discutir a\u00e7\u00f5es e estrat\u00e9gias de organiza\u00e7\u00e3o, com o objetivo de avan\u00e7ar nas negocia\u00e7\u00f5es com o banco em 2015.\u00a0<\/p>\n<p>Entre as principais reivindica\u00e7\u00f5es, j\u00e1 definidas pelos trabalhadores, est\u00e3o o programa de reabilita\u00e7\u00e3o profissional, parcelamento do adiantamento de f\u00e9rias, concess\u00e3o do aux\u00edlio-educa\u00e7\u00e3o e a extens\u00e3o do vale-cultura para todos os trabalhadores.\u00a0<\/p>\n<p>Segundo Elaine Cutis , diretora da Contraf-CUT e coordenadora da COE do Bradesco, n\u00e3o tem havido disposi\u00e7\u00e3o do banco em atender essas demandas nos recentes processos de negocia\u00e7\u00e3o. \u201cLamentavelmente ainda sentimos a resist\u00eancia do banco. Na contram\u00e3o dos imensos lucros, convivemos com demiss\u00f5es, ass\u00e9dio moral, metas abusivas, rotatividade, adoecimento, problemas que s\u00f3 crescem dentro do Bradesco\u201d, afirma a dirigente sindical.<\/p>\n<p>Os representantes nacionais demonstraram claramente a sua insatisfa\u00e7\u00e3o com o Bradesco, pois nas constantes reuni\u00f5es com a \u00e1rea de RH do banco foram entregues v\u00e1rias reivindica\u00e7\u00f5es e praticamente n\u00e3o houve avan\u00e7os em nada, nem mesmo o aux\u00edlio educa\u00e7\u00e3o. O banco \u00e9 o \u00fanico dentre os maiores do pa\u00eds que n\u00e3o possui parcelamento do adiantamento de f\u00e9rias que outros j\u00e1 possuem, mas o Bradesco se recusa a discutir.\u00a0<\/p>\n<p>\u201cDiante de tamanho descaso, muitos funcion\u00e1rios est\u00e3o saindo do banco em busca de melhores oportunidades e valoriza\u00e7\u00e3o. Essa situa\u00e7\u00e3o \u00e9 inaceit\u00e1vel\u201d, alerta Elaine.<\/p>\n<p>A COE do Bradesco tamb\u00e9m debateu as premissas para dar continuidade \u00e0s discuss\u00f5es em andamento com o banco para a constru\u00e7\u00e3o de um programa de retorno do trabalhador afastado por problemas de sa\u00fade. \u201cA expectativa geral \u00e9 que o banco possa rever sua postura e esteja mais aberto a avan\u00e7ar nas conquistas\u201d, conclui Elaine.<\/p>\n<p>Fonte: Contraf-CUT<\/p>\n","protected":false},"excerpt":{"rendered":"<p>A Contraf-CUT promoveu nesta segunda e ter\u00e7a-feira, dias 8 e 9, uma reuni\u00e3o da Comiss\u00e3o de Organiza\u00e7\u00e3o dos Empregados (COE) do Bradesco, na sede da Confedera\u00e7\u00e3o, em S\u00e3o Paulo, para discutir a\u00e7\u00f5es e estrat\u00e9gias de organiza\u00e7\u00e3o, com o objetivo de avan\u00e7ar nas negocia\u00e7\u00f5es com o banco em 2015.\u00a0 Entre as principais reivindica\u00e7\u00f5es, j\u00e1 definidas pelos [&hellip;]<\/p>\n","protected":false},"author":1,"featured_media":0,"comment_status":"","ping_status":"","sticky":false,"template":"","format":"standard","meta":{"footnotes":""},"categories":[3],"tags":[],"class_list":["post-1769","post","type-post","status-publish","format-standard","hentry","category-noticias"],"_links":{"self":[{"href":"https:\/\/hostnetart.com.br\/baixada\/wp-json\/wp\/v2\/posts\/1769","targetHints":{"allow":["GET"]}}],"collection":[{"href":"https:\/\/hostnetart.com.br\/baixada\/wp-json\/wp\/v2\/posts"}],"about":[{"href":"https:\/\/hostnetart.com.br\/baixada\/wp-json\/wp\/v2\/types\/post"}],"author":[{"embeddable":true,"href":"https:\/\/hostnetart.com.br\/baixada\/wp-json\/wp\/v2\/users\/1"}],"replies":[{"embeddable":true,"href":"https:\/\/hostnetart.com.br\/baixada\/wp-json\/wp\/v2\/comments?post=1769"}],"version-history":[{"count":0,"href":"https:\/\/hostnetart.com.br\/baixada\/wp-json\/wp\/v2\/posts\/1769\/revisions"}],"wp:attachment":[{"href":"https:\/\/hostnetart.com.br\/baixada\/wp-json\/wp\/v2\/media?parent=1769"}],"wp:term":[{"taxonomy":"category","embeddable":true,"href":"https:\/\/hostnetart.com.br\/baixada\/wp-json\/wp\/v2\/categories?post=1769"},{"taxonomy":"post_tag","embeddable":true,"href":"https:\/\/hostnetart.com.br\/baixada\/wp-json\/wp\/v2\/tags?post=1769"}],"curies":[{"name":"wp","href":"https:\/\/api.w.org\/{rel}","templated":true}]}}