{"id":1761,"date":"2014-12-06T00:00:00","date_gmt":"2014-12-06T02:00:00","guid":{"rendered":"https:\/\/hostnetart.com.br\/baixada\/bancarios-retomam-discussoes-do-grupo-de-trabalho-do-santanderprevi\/"},"modified":"2014-12-06T00:00:00","modified_gmt":"2014-12-06T02:00:00","slug":"bancarios-retomam-discussoes-do-grupo-de-trabalho-do-santanderprevi","status":"publish","type":"post","link":"https:\/\/hostnetart.com.br\/baixada\/bancarios-retomam-discussoes-do-grupo-de-trabalho-do-santanderprevi\/","title":{"rendered":"Banc\u00e1rios retomam discuss\u00f5es do grupo de trabalho do SantanderPrevi"},"content":{"rendered":"<p>Ap\u00f3s quase dois anos de negocia\u00e7\u00f5es paralisadas, as entidades sindicais retomaram com o Santander nesta quinta-feira (4) o Grupo de Trabalho (GT) para discutir o processo eleitoral do SantanderPrevi, que est\u00e1 suspenso por decis\u00e3o judicial.\u00a0<\/p>\n<p>\u201cN\u00f3s estamos reivindicando um processo eleitoral democr\u00e1tico e transparente e que contemple de verdade os princ\u00edpios de governan\u00e7a, o que n\u00e3o ocorre no caso do SantanderPrevi\u201d, explica Camilo Fernandes, diretor da Contraf-CUT e presidente da Afubesp, que est\u00e1 coordenando o grupo de trabalho.\u00a0<\/p>\n<p>Maria Rosani, diretora do Sindicato dos Banc\u00e1rios de S\u00e3o Paulo e coordenadora da Comiss\u00e3o de Organiza\u00e7\u00e3o dos Empregados (COE) do Santander, relata que essa foi a primeira reuni\u00e3o ap\u00f3s a assinatura do acordo aditivo.\u00a0<\/p>\n<p>Os dirigentes sindicais deixaram claro ao banco que nesse GT o que ser\u00e1 discutido \u00e9 exclusivamente o processo eleitoral, como est\u00e1 previsto na cl\u00e1usula 37\u00aa do aditivo.\u00a0<\/p>\n<p>De acordo com a cl\u00e1usula, \u201cas partes estabelecem um Grupo de Trabalho transit\u00f3rio que discutir\u00e1, de forma conjunta, a possibilidade de altera\u00e7\u00e3o do processo eleitoral existente e o encerramento das a\u00e7\u00f5es movidas em face do SantanderPrevi com esta finalidade\u201d.\u00a0<\/p>\n<p>Na abertura dos trabalhos, Rosani tamb\u00e9m cobrou seriedade por parte dos negociadores do banco e ressaltou que j\u00e1 se passou muito tempo desde a constata\u00e7\u00e3o do problema. \u201cEstamos dispostos a resolver em definitivo a quest\u00e3o na mesa de negocia\u00e7\u00e3o\u201d, acrescenta a dirigente.\u00a0<\/p>\n<p>Os banc\u00e1rios est\u00e3o representados no GT pelos dirigentes sindicais Camilo Fernandes e Maria Rosani, de S\u00e3o Paulo, Paulo Garcez, do Rio de Janeiro, Orlando Puccetti, do ABC, e Patricia Delgado, de Campinas.\u00a0<\/p>\n<p>As pr\u00f3ximas reuni\u00f5es do GT est\u00e3o previstas para os dias 27 de janeiro, 3 e 10 de fevereiro de 2015.<\/p>\n<p>Fonte: Contraf-CUT com Seeb S\u00e3o Paulo<\/p>\n","protected":false},"excerpt":{"rendered":"<p>Ap\u00f3s quase dois anos de negocia\u00e7\u00f5es paralisadas, as entidades sindicais retomaram com o Santander nesta quinta-feira (4) o Grupo de Trabalho (GT) para discutir o processo eleitoral do SantanderPrevi, que est\u00e1 suspenso por decis\u00e3o judicial.\u00a0 \u201cN\u00f3s estamos reivindicando um processo eleitoral democr\u00e1tico e transparente e que contemple de verdade os princ\u00edpios de governan\u00e7a, o que [&hellip;]<\/p>\n","protected":false},"author":1,"featured_media":0,"comment_status":"","ping_status":"","sticky":false,"template":"","format":"standard","meta":{"footnotes":""},"categories":[3],"tags":[],"class_list":["post-1761","post","type-post","status-publish","format-standard","hentry","category-noticias"],"_links":{"self":[{"href":"https:\/\/hostnetart.com.br\/baixada\/wp-json\/wp\/v2\/posts\/1761","targetHints":{"allow":["GET"]}}],"collection":[{"href":"https:\/\/hostnetart.com.br\/baixada\/wp-json\/wp\/v2\/posts"}],"about":[{"href":"https:\/\/hostnetart.com.br\/baixada\/wp-json\/wp\/v2\/types\/post"}],"author":[{"embeddable":true,"href":"https:\/\/hostnetart.com.br\/baixada\/wp-json\/wp\/v2\/users\/1"}],"replies":[{"embeddable":true,"href":"https:\/\/hostnetart.com.br\/baixada\/wp-json\/wp\/v2\/comments?post=1761"}],"version-history":[{"count":0,"href":"https:\/\/hostnetart.com.br\/baixada\/wp-json\/wp\/v2\/posts\/1761\/revisions"}],"wp:attachment":[{"href":"https:\/\/hostnetart.com.br\/baixada\/wp-json\/wp\/v2\/media?parent=1761"}],"wp:term":[{"taxonomy":"category","embeddable":true,"href":"https:\/\/hostnetart.com.br\/baixada\/wp-json\/wp\/v2\/categories?post=1761"},{"taxonomy":"post_tag","embeddable":true,"href":"https:\/\/hostnetart.com.br\/baixada\/wp-json\/wp\/v2\/tags?post=1761"}],"curies":[{"name":"wp","href":"https:\/\/api.w.org\/{rel}","templated":true}]}}