{"id":1760,"date":"2014-12-06T00:00:00","date_gmt":"2014-12-06T02:00:00","guid":{"rendered":"https:\/\/hostnetart.com.br\/baixada\/proposta-do-bndes-nao-avanca-e-bancarios-discutem-greve-nos-dias-8-e-9\/"},"modified":"2014-12-06T00:00:00","modified_gmt":"2014-12-06T02:00:00","slug":"proposta-do-bndes-nao-avanca-e-bancarios-discutem-greve-nos-dias-8-e-9","status":"publish","type":"post","link":"https:\/\/hostnetart.com.br\/baixada\/proposta-do-bndes-nao-avanca-e-bancarios-discutem-greve-nos-dias-8-e-9\/","title":{"rendered":"Proposta do BNDES n\u00e3o avan\u00e7a e banc\u00e1rios discutem greve nos dias 8 e 9"},"content":{"rendered":"<p>Diante da intransig\u00eancia do BNDES, que em nova rodada de negocia\u00e7\u00e3o na sexta-feira (28) reafirmou a proposta rebaixada apresentada no \u00faltimo dia 13, a Contraf-CUT, os sindicados, as associa\u00e7\u00f5es e as demais integrantes da comiss\u00e3o de negocia\u00e7\u00e3o orientam a deflagra\u00e7\u00e3o de greve nos pr\u00f3ximos dias 8 e 9, como forma de arrancar conquistas para os empregados do banco.\u00a0<\/p>\n<p>O Sindicato dos Banc\u00e1rios do Rio de Janeiro convocou assembleia, a ser realizada nesta quarta-feira (3), \u00e0s 14h, onde os funcion\u00e1rios do BNDES discutir\u00e3o a proposta e a orienta\u00e7\u00e3o das entidades sindicais e representativas.<\/p>\n<p>Na avalia\u00e7\u00e3o do secret\u00e1rio de Organiza\u00e7\u00e3o do Ramo Financeiro da Contraf-CUT, Miguel Pereira, o BNDES n\u00e3o contempla as reivindica\u00e7\u00f5es da pauta espec\u00edfica de seus funcion\u00e1rios, n\u00e3o aplica os mesmos percentuais da categoria banc\u00e1ria quanto ao reajuste de 9% no piso com repercuss\u00e3o em todo PCS e ao aumento de 12,6% no t\u00edquete refei\u00e7\u00e3o.<\/p>\n<p>\u201cOutro problema \u00e9 a n\u00e3o renova\u00e7\u00e3o da cl\u00e1usula sobre gratifica\u00e7\u00e3o salarial, que integra os \u00faltimos Acordos Coletivos de Trabalho (ACTs) h\u00e1 18 anos e, o que \u00e9 pior, a reda\u00e7\u00e3o apresentada na cl\u00e1usula 43\u00aa suprime as cl\u00e1usulas normativas estabelecidas nos ACTs anteriores. Realmente, nestes termos, \u00e9 para n\u00e3o haver acordo\u201d, critica Miguel.<\/p>\n<p>Durante os debates ocorridos na \u00faltima negocia\u00e7\u00e3o, o banco se comprometeu a estudar uma nova formula\u00e7\u00e3o para a cl\u00e1usula 43\u00aa, mas frustrou os banc\u00e1rios mais uma vez ao demonstrar desrespeito \u00e0s reivindica\u00e7\u00f5es dos funcion\u00e1rios.<\/p>\n<p>\u201c\u00c9 importante lembrar que o desgaste da atual diretoria do BNDES vem se acumulando h\u00e1 tempos por uma s\u00e9rie de problemas que n\u00e3o t\u00eam sido encaminhados, como o grupamento C, Anistiados, Fapes, descumprimento de acordo sobre a implanta\u00e7\u00e3o da GEP Carreira, etc. A proposta apresentada agora soa como provoca\u00e7\u00e3o diante de tantos problemas\u201d, conclui Miguel.<\/p>\n<p>Fonte: Contraf-CUT<\/p>\n","protected":false},"excerpt":{"rendered":"<p>Diante da intransig\u00eancia do BNDES, que em nova rodada de negocia\u00e7\u00e3o na sexta-feira (28) reafirmou a proposta rebaixada apresentada no \u00faltimo dia 13, a Contraf-CUT, os sindicados, as associa\u00e7\u00f5es e as demais integrantes da comiss\u00e3o de negocia\u00e7\u00e3o orientam a deflagra\u00e7\u00e3o de greve nos pr\u00f3ximos dias 8 e 9, como forma de arrancar conquistas para os [&hellip;]<\/p>\n","protected":false},"author":1,"featured_media":0,"comment_status":"","ping_status":"","sticky":false,"template":"","format":"standard","meta":{"footnotes":""},"categories":[3],"tags":[],"class_list":["post-1760","post","type-post","status-publish","format-standard","hentry","category-noticias"],"_links":{"self":[{"href":"https:\/\/hostnetart.com.br\/baixada\/wp-json\/wp\/v2\/posts\/1760","targetHints":{"allow":["GET"]}}],"collection":[{"href":"https:\/\/hostnetart.com.br\/baixada\/wp-json\/wp\/v2\/posts"}],"about":[{"href":"https:\/\/hostnetart.com.br\/baixada\/wp-json\/wp\/v2\/types\/post"}],"author":[{"embeddable":true,"href":"https:\/\/hostnetart.com.br\/baixada\/wp-json\/wp\/v2\/users\/1"}],"replies":[{"embeddable":true,"href":"https:\/\/hostnetart.com.br\/baixada\/wp-json\/wp\/v2\/comments?post=1760"}],"version-history":[{"count":0,"href":"https:\/\/hostnetart.com.br\/baixada\/wp-json\/wp\/v2\/posts\/1760\/revisions"}],"wp:attachment":[{"href":"https:\/\/hostnetart.com.br\/baixada\/wp-json\/wp\/v2\/media?parent=1760"}],"wp:term":[{"taxonomy":"category","embeddable":true,"href":"https:\/\/hostnetart.com.br\/baixada\/wp-json\/wp\/v2\/categories?post=1760"},{"taxonomy":"post_tag","embeddable":true,"href":"https:\/\/hostnetart.com.br\/baixada\/wp-json\/wp\/v2\/tags?post=1760"}],"curies":[{"name":"wp","href":"https:\/\/api.w.org\/{rel}","templated":true}]}}