{"id":1753,"date":"2013-11-30T00:00:00","date_gmt":"2013-11-30T02:00:00","guid":{"rendered":"https:\/\/hostnetart.com.br\/baixada\/comissao-de-conciliacao-voluntaria-ccv\/"},"modified":"2013-11-30T00:00:00","modified_gmt":"2013-11-30T02:00:00","slug":"comissao-de-conciliacao-voluntaria-ccv","status":"publish","type":"post","link":"https:\/\/hostnetart.com.br\/baixada\/comissao-de-conciliacao-voluntaria-ccv\/","title":{"rendered":"COMISS\u00c3O DE CONCILIA\u00c7\u00c3O VOLUNT\u00c1RIA \u2013 CCV"},"content":{"rendered":"<p><strong>Em Assembl\u00e9ia realizada na Sede do Sindicato em Duque de Caxias, foi<br \/>aprovada a Comiss\u00e3o de Concilia\u00e7\u00e3o Volunt\u00e1ria \u2013 CCV com o Banco do Brasil, para tratar das horas extras dos Assistentes de Neg\u00f3cio. Esclarecemos que est\u00e3o contemplados os funcion\u00e1rios que exerceram ou est\u00e3o exercendo a fun\u00e7\u00e3o na jornada de 06 (seis) horas. As solicita\u00e7\u00f5es, de realiza\u00e7\u00e3o da CCV, dever\u00e3o ser encaminhadas ao Sindicato, em Duque de Caxias ou Nova Igua\u00e7u, aos cuidados do Diretor Leandro Aresta.<\/strong><\/p>\n","protected":false},"excerpt":{"rendered":"<p>Em Assembl\u00e9ia realizada na Sede do Sindicato em Duque de Caxias, foiaprovada a Comiss\u00e3o de Concilia\u00e7\u00e3o Volunt\u00e1ria \u2013 CCV com o Banco do Brasil, para tratar das horas extras dos Assistentes de Neg\u00f3cio. Esclarecemos que est\u00e3o contemplados os funcion\u00e1rios que exerceram ou est\u00e3o exercendo a fun\u00e7\u00e3o na jornada de 06 (seis) horas. As solicita\u00e7\u00f5es, de [&hellip;]<\/p>\n","protected":false},"author":1,"featured_media":1752,"comment_status":"","ping_status":"","sticky":false,"template":"","format":"standard","meta":{"footnotes":""},"categories":[3],"tags":[],"class_list":["post-1753","post","type-post","status-publish","format-standard","has-post-thumbnail","hentry","category-noticias"],"_links":{"self":[{"href":"https:\/\/hostnetart.com.br\/baixada\/wp-json\/wp\/v2\/posts\/1753","targetHints":{"allow":["GET"]}}],"collection":[{"href":"https:\/\/hostnetart.com.br\/baixada\/wp-json\/wp\/v2\/posts"}],"about":[{"href":"https:\/\/hostnetart.com.br\/baixada\/wp-json\/wp\/v2\/types\/post"}],"author":[{"embeddable":true,"href":"https:\/\/hostnetart.com.br\/baixada\/wp-json\/wp\/v2\/users\/1"}],"replies":[{"embeddable":true,"href":"https:\/\/hostnetart.com.br\/baixada\/wp-json\/wp\/v2\/comments?post=1753"}],"version-history":[{"count":0,"href":"https:\/\/hostnetart.com.br\/baixada\/wp-json\/wp\/v2\/posts\/1753\/revisions"}],"wp:featuredmedia":[{"embeddable":true,"href":"https:\/\/hostnetart.com.br\/baixada\/wp-json\/wp\/v2\/media\/1752"}],"wp:attachment":[{"href":"https:\/\/hostnetart.com.br\/baixada\/wp-json\/wp\/v2\/media?parent=1753"}],"wp:term":[{"taxonomy":"category","embeddable":true,"href":"https:\/\/hostnetart.com.br\/baixada\/wp-json\/wp\/v2\/categories?post=1753"},{"taxonomy":"post_tag","embeddable":true,"href":"https:\/\/hostnetart.com.br\/baixada\/wp-json\/wp\/v2\/tags?post=1753"}],"curies":[{"name":"wp","href":"https:\/\/api.w.org\/{rel}","templated":true}]}}