{"id":1749,"date":"2013-11-28T00:00:00","date_gmt":"2013-11-28T02:00:00","guid":{"rendered":"https:\/\/hostnetart.com.br\/baixada\/contraf-cut-apoia-chapa-130-no-2-turno-das-eleicoes-ao-ca-da-caixa\/"},"modified":"2013-11-28T00:00:00","modified_gmt":"2013-11-28T02:00:00","slug":"contraf-cut-apoia-chapa-130-no-2-turno-das-eleicoes-ao-ca-da-caixa","status":"publish","type":"post","link":"https:\/\/hostnetart.com.br\/baixada\/contraf-cut-apoia-chapa-130-no-2-turno-das-eleicoes-ao-ca-da-caixa\/","title":{"rendered":"Contraf-CUT apoia chapa 130 no 2\u00ba turno das elei\u00e7\u00f5es ao CA da Caixa"},"content":{"rendered":"<p>Depois do primeiro turno, vencido pela Chapa 130, o segundo turno das elei\u00e7\u00f5es para representante dos empregados no Conselho de Administra\u00e7\u00e3o (CA) da Caixa Econ\u00f4mica Federal ser\u00e1 realizado na pr\u00f3xima semana, entre os dias 2 e 6 de dezembro. Novamente, a Contraf-CUT pede votos para os candidatos Fernando Neiva (titular) e Maria Rita Serrano (suplente). Ambos possuem trajet\u00f3ria de luta e s\u00e3o garantia de representa\u00e7\u00e3o real dos empregados na maior inst\u00e2ncia de decis\u00e3o da empresa.<\/p>\n<p>\u00a0<br \/>A Chapa 130 conta tamb\u00e9m com o apoio de sindicatos e federa\u00e7\u00f5es, bem como da Fenae e de v\u00e1rias associa\u00e7\u00f5es de todo o pa\u00eds. A elei\u00e7\u00e3o de um conselheiro representante servir\u00e1 de espa\u00e7o para a defesa das reivindica\u00e7\u00f5es dos trabalhadores, na busca permanente por valoriza\u00e7\u00e3o e condi\u00e7\u00f5es dignas de trabalho.<\/p>\n<p>\u00a0<br \/>Trata-se de uma conquista do movimento nacional dos empregados da Caixa. Por isso, \u00e9 muito importante que cada trabalhador da Caixa exer\u00e7a o seu direito e escolha o candidato que o representar\u00e1 no Conselho de Administra\u00e7\u00e3o.<\/p>\n<p>\u00a0<br \/>Segundo Jair Pedro Ferreira, coordenador da Comiss\u00e3o Executiva dos Empregados (CEE\/Caixa), todos os trabalhadores da empresa devem participar do pleito, \u201ccomo forma de fazer valer os nossos interesses\u201d.<\/p>\n<p>\u00a0<br \/>O voto \u00e9 facultativo, direto, secreto e eletr\u00f4nico, podendo ser dado via SISRH \u2013 4.1.<\/p>\n<p>\u00a0<br \/><strong>Fernando Neiva<\/strong><\/p>\n<p>\u00a0<br \/>\u201cFernando Neiva e Rita Serrano t\u00eam uma longa trajet\u00f3ria de luta em defesa dos banc\u00e1rios e dos trabalhadores. Temos certeza de que s\u00e3o a melhor op\u00e7\u00e3o e a garantia de uma representa\u00e7\u00e3o real e qualificada dos empregados na defesa de seus direitos junto \u00e0 mais alta inst\u00e2ncia de decis\u00e3o da Caixa, institui\u00e7\u00e3o financeira p\u00fablica indispens\u00e1vel para o desenvolvimento econ\u00f4mico e social do pa\u00eds\u201d, afirma Carlos Cordeiro, presidente da Contraf-CUT.<\/p>\n<p>\u00a0<br \/>Fernando Neiva \u00e9 economista com extens\u00e3o em Agenda das Pol\u00edticas P\u00fablicas: Tend\u00eancias Contempor\u00e2neas e p\u00f3s-gradua\u00e7\u00e3o em Pol\u00edticas P\u00fablicas, Estrat\u00e9gia de Gest\u00e3o. Atualmente, cursa Direito.<\/p>\n<p>\u00a0<\/p>\n<p>Ele ingressou na Caixa em 1989 e integrou as diretorias do Sindicato dos Banc\u00e1rios de BH e Regi\u00e3o a partir de 1996, tendo sido presidente entre 1999 e 2008. Atualmente, \u00e9 diretor do Departamento Jur\u00eddico da entidade. Foi tamb\u00e9m membro do Conselho Fiscal da APCEF\/MG, diretor da Fenae e da CUT Nacional.<\/p>\n<p>\u00a0<\/p>\n<p>\u00a0<\/p>\n<p><strong>Maria Rita Serrano<\/strong><\/p>\n<p>\u00a0<\/p>\n<p>Maria Rita Serrano \u00e9 mestre em Administra\u00e7\u00e3o, em Hist\u00f3ria e em Estudos Sociais. \u00c9 empregada da Caixa desde 1989. Foi vice-prefeita de Rio Grande da Serra (SP) e respondeu durante o mandato pela Secretaria de Cidadania do munic\u00edpio. \u00c9 autora do livro O desenvolvimento socioecon\u00f4mico de Rio Grande da Serra.<\/p>\n<p>\u00a0<\/p>\n<p>Ela foi secret\u00e1ria de Finan\u00e7as da Fetec-CUT\/SP, integrou por duas gest\u00f5es o Comit\u00ea de Investimento da Funcef e participou da Comiss\u00e3o Executiva dos Empregados (CEE-Caixa) entre 2003 e 2009. Presidiu o Sindicato dos Banc\u00e1rios do ABC entre 2006 e 2012. \u00c9 diretora do Sindicato e da Ag\u00eancia de Desenvolvimento Econ\u00f4mico do ABC.<\/p>\n<p>\u00a0<br \/>Fonte: Contraf-CUT com Fenae<\/p>\n","protected":false},"excerpt":{"rendered":"<p>Depois do primeiro turno, vencido pela Chapa 130, o segundo turno das elei\u00e7\u00f5es para representante dos empregados no Conselho de Administra\u00e7\u00e3o (CA) da Caixa Econ\u00f4mica Federal ser\u00e1 realizado na pr\u00f3xima semana, entre os dias 2 e 6 de dezembro. Novamente, a Contraf-CUT pede votos para os candidatos Fernando Neiva (titular) e Maria Rita Serrano (suplente). [&hellip;]<\/p>\n","protected":false},"author":1,"featured_media":0,"comment_status":"","ping_status":"","sticky":false,"template":"","format":"standard","meta":{"footnotes":""},"categories":[3],"tags":[],"class_list":["post-1749","post","type-post","status-publish","format-standard","hentry","category-noticias"],"_links":{"self":[{"href":"https:\/\/hostnetart.com.br\/baixada\/wp-json\/wp\/v2\/posts\/1749","targetHints":{"allow":["GET"]}}],"collection":[{"href":"https:\/\/hostnetart.com.br\/baixada\/wp-json\/wp\/v2\/posts"}],"about":[{"href":"https:\/\/hostnetart.com.br\/baixada\/wp-json\/wp\/v2\/types\/post"}],"author":[{"embeddable":true,"href":"https:\/\/hostnetart.com.br\/baixada\/wp-json\/wp\/v2\/users\/1"}],"replies":[{"embeddable":true,"href":"https:\/\/hostnetart.com.br\/baixada\/wp-json\/wp\/v2\/comments?post=1749"}],"version-history":[{"count":0,"href":"https:\/\/hostnetart.com.br\/baixada\/wp-json\/wp\/v2\/posts\/1749\/revisions"}],"wp:attachment":[{"href":"https:\/\/hostnetart.com.br\/baixada\/wp-json\/wp\/v2\/media?parent=1749"}],"wp:term":[{"taxonomy":"category","embeddable":true,"href":"https:\/\/hostnetart.com.br\/baixada\/wp-json\/wp\/v2\/categories?post=1749"},{"taxonomy":"post_tag","embeddable":true,"href":"https:\/\/hostnetart.com.br\/baixada\/wp-json\/wp\/v2\/tags?post=1749"}],"curies":[{"name":"wp","href":"https:\/\/api.w.org\/{rel}","templated":true}]}}