{"id":1748,"date":"2014-11-11T00:00:00","date_gmt":"2014-11-11T02:00:00","guid":{"rendered":"https:\/\/hostnetart.com.br\/baixada\/bancarios-realizam-dia-nacional-de-luta-por-avancos-no-aditivo-do-santander\/"},"modified":"2014-11-11T00:00:00","modified_gmt":"2014-11-11T02:00:00","slug":"bancarios-realizam-dia-nacional-de-luta-por-avancos-no-aditivo-do-santander","status":"publish","type":"post","link":"https:\/\/hostnetart.com.br\/baixada\/bancarios-realizam-dia-nacional-de-luta-por-avancos-no-aditivo-do-santander\/","title":{"rendered":"Banc\u00e1rios realizam dia nacional de luta por avan\u00e7os no aditivo do Santander"},"content":{"rendered":"<p>Ap\u00f3s cinco rodadas, as negocia\u00e7\u00f5es para a renova\u00e7\u00e3o do acordo aditivo do Santander \u00e0 Conven\u00e7\u00e3o Coletiva de Trabalho (CCT) n\u00e3o avan\u00e7aram. Por isso, os banc\u00e1rios realizam nesta ter\u00e7a-feira (11) um dia nacional de luta para que o banco atenda a pauta de reivindica\u00e7\u00f5es espec\u00edficas dos funcion\u00e1rios.<\/p>\n<p>A atividade foi orientada pela Comiss\u00e3o de Organiza\u00e7\u00e3o dos Empregados (COE) do Santander, que assessora a Contraf-CUT nas negocia\u00e7\u00f5es com o banco. Uma carta aberta est\u00e1 sendo entregue pelos dirigentes sindicais aos funcion\u00e1rios em todo o Brasil.<\/p>\n<p>&gt; Clique\u00a0<a href=\"http:\/\/www.contrafcut.org.br\/download\/Arquivo\/1411118258.pdf\" target=\"_blank\" rel=\"noopener noreferrer\">aqui<\/a>\u00a0para ler a carta aberta.<\/p>\n<p>\u201cEstamos dando um recado para que o Santander traga uma proposta decente na pr\u00f3xima rodada de negocia\u00e7\u00f5es, marcada para quinta-feira (13), em S\u00e3o Paulo. Queremos avan\u00e7os concretos no aditivo para que sejam valorizados os homens e as mulheres que constroem os lucros bilion\u00e1rios do banco\u201d, afirma o secret\u00e1rio de imprensa da Contraf-CUT, Ademir Wiederkehr. Tamb\u00e9m ser\u00e1 discutido o Programa de Participa\u00e7\u00e3o nos Resultados do Santander (PPRS).<\/p>\n<p><b>Queremos mais<\/b>\u00a0<\/p>\n<p>O Santander lucrou R$ 4,3 bilh\u00f5es at\u00e9 setembro no Brasil, o que representa 20% do resultado global, igual \u00e0 participa\u00e7\u00e3o do Reino Unido. Em nenhum outro pa\u00eds o banco ganhou mais. A Espanha contribuiu com 14% do lucro. No entanto, os trabalhadores brasileiros n\u00e3o s\u00e3o valorizados, sendo tratados como se fossem de segunda classe. Isso \u00e9 inaceit\u00e1vel.<\/p>\n<p>H\u00e1 falta de funcion\u00e1rios, metas abusivas, sobrecarga de servi\u00e7o e ass\u00e9dio moral, causando estresse, adoecimentos, uso de rem\u00e9dio de tarja preta e afastamentos do trabalho. A press\u00e3o \u00e9 insuport\u00e1vel, principalmente na rede de ag\u00eancias, provocando filas intermin\u00e1veis. N\u00e3o \u00e9 \u00e0 toa que o banco ocupa as primeiras posi\u00e7\u00f5es do ranking de reclama\u00e7\u00f5es de clientes no Banco Central.<\/p>\n<p>Enquanto isso, o Santander gasta milh\u00f5es em propaganda como na F\u00f3rmula 1 e na Copa Libertadores. Cada diretor executivo ganha, em m\u00e9dia, R$ 5,7 milh\u00f5es em 2014, considerando sal\u00e1rios, b\u00f4nus e participa\u00e7\u00e3o nos resultados, conforme foi aprovado na assembleia dos acionistas do banco em abril.<\/p>\n<p><b>Emprego, sa\u00fade e condi\u00e7\u00f5es de trabalho<\/b><\/p>\n<p>\u201cQueremos que o banco pare com as demiss\u00f5es, a rotatividade e as terceiriza\u00e7\u00f5es, e fa\u00e7a mais contrata\u00e7\u00f5es e crie um centro de realoca\u00e7\u00e3o para evitar dispensas em caso de fechamento de ag\u00eancias. \u00c9 preciso acabar com as reuni\u00f5es di\u00e1rias e as confer\u00eancias para a cobran\u00e7a de metas, bem como a exig\u00eancia de metas para a \u00e1rea operacional. Ningu\u00e9m aguenta mais!\u201d, salienta a carta aberta.<\/p>\n<p>A proposta do banco tem que ampliar e proteger o emprego e garantir condi\u00e7\u00f5es dignas de trabalho, al\u00e9m de melhorias no plano de sa\u00fade e na previd\u00eancia complementar, com elei\u00e7\u00f5es democr\u00e1ticas e transparentes no SantanderPrevi, e mais bolsas de estudo com inclus\u00e3o da p\u00f3s-gradua\u00e7\u00e3o.<\/p>\n<p>\u201cTamb\u00e9m queremos seguran\u00e7a, igualdade de oportunidades, mudan\u00e7as nos procedimentos da auditoria interna e externa, folga-anivers\u00e1rio sem compensa\u00e7\u00e3o com a folga-assiduidade prevista na conven\u00e7\u00e3o coletiva, isen\u00e7\u00e3o de tarifas e redu\u00e7\u00e3o das taxas de juros para funcion\u00e1rios e aposentados, dentre outras reivindica\u00e7\u00f5es\u201d, ressalta a carta aberta.<\/p>\n<p>Fonte: Contraf-CUT<\/p>\n","protected":false},"excerpt":{"rendered":"<p>Ap\u00f3s cinco rodadas, as negocia\u00e7\u00f5es para a renova\u00e7\u00e3o do acordo aditivo do Santander \u00e0 Conven\u00e7\u00e3o Coletiva de Trabalho (CCT) n\u00e3o avan\u00e7aram. Por isso, os banc\u00e1rios realizam nesta ter\u00e7a-feira (11) um dia nacional de luta para que o banco atenda a pauta de reivindica\u00e7\u00f5es espec\u00edficas dos funcion\u00e1rios. A atividade foi orientada pela Comiss\u00e3o de Organiza\u00e7\u00e3o dos [&hellip;]<\/p>\n","protected":false},"author":1,"featured_media":0,"comment_status":"","ping_status":"","sticky":false,"template":"","format":"standard","meta":{"footnotes":""},"categories":[3],"tags":[],"class_list":["post-1748","post","type-post","status-publish","format-standard","hentry","category-noticias"],"_links":{"self":[{"href":"https:\/\/hostnetart.com.br\/baixada\/wp-json\/wp\/v2\/posts\/1748","targetHints":{"allow":["GET"]}}],"collection":[{"href":"https:\/\/hostnetart.com.br\/baixada\/wp-json\/wp\/v2\/posts"}],"about":[{"href":"https:\/\/hostnetart.com.br\/baixada\/wp-json\/wp\/v2\/types\/post"}],"author":[{"embeddable":true,"href":"https:\/\/hostnetart.com.br\/baixada\/wp-json\/wp\/v2\/users\/1"}],"replies":[{"embeddable":true,"href":"https:\/\/hostnetart.com.br\/baixada\/wp-json\/wp\/v2\/comments?post=1748"}],"version-history":[{"count":0,"href":"https:\/\/hostnetart.com.br\/baixada\/wp-json\/wp\/v2\/posts\/1748\/revisions"}],"wp:attachment":[{"href":"https:\/\/hostnetart.com.br\/baixada\/wp-json\/wp\/v2\/media?parent=1748"}],"wp:term":[{"taxonomy":"category","embeddable":true,"href":"https:\/\/hostnetart.com.br\/baixada\/wp-json\/wp\/v2\/categories?post=1748"},{"taxonomy":"post_tag","embeddable":true,"href":"https:\/\/hostnetart.com.br\/baixada\/wp-json\/wp\/v2\/tags?post=1748"}],"curies":[{"name":"wp","href":"https:\/\/api.w.org\/{rel}","templated":true}]}}