{"id":1747,"date":"2014-11-11T00:00:00","date_gmt":"2014-11-11T02:00:00","guid":{"rendered":"https:\/\/hostnetart.com.br\/baixada\/forum-enviara-carta-para-presidente-dilma-sobre-riscos-da-terceirizacao\/"},"modified":"2014-11-11T00:00:00","modified_gmt":"2014-11-11T02:00:00","slug":"forum-enviara-carta-para-presidente-dilma-sobre-riscos-da-terceirizacao","status":"publish","type":"post","link":"https:\/\/hostnetart.com.br\/baixada\/forum-enviara-carta-para-presidente-dilma-sobre-riscos-da-terceirizacao\/","title":{"rendered":"F\u00f3rum enviar\u00e1 carta para presidente Dilma sobre riscos da terceiriza\u00e7\u00e3o"},"content":{"rendered":"<p>Diante da possibilidade da entrada na pauta de vota\u00e7\u00e3o do PL 4330\/2004 da terceiriza\u00e7\u00e3o ainda este ano na C\u00e2mara Federal e a import\u00e2ncia de retomar os encaminhamentos aprovados no semin\u00e1rio realizado em setembro, em Bras\u00edlia, o F\u00f3rum de Defesa dos Trabalhadores Amea\u00e7ados pela Terceiriza\u00e7\u00e3o se reuniu nesta segunda-feira (10), na sede da Contraf-CUT, em S\u00e3o Paulo, para definir iniciativas, \u00e0 luz da nova conjuntura, ap\u00f3s a reelei\u00e7\u00e3o da presidenta Dilma Rousseff.<\/p>\n<p>Segundo Miguel Pereira, secret\u00e1rio de Organiza\u00e7\u00e3o do Ramo Financeiro da Contraf-CUT, um primeiro e importante encaminhamento foi a aprova\u00e7\u00e3o de um documento a ser encaminhado \u00e0 presidenta Dilma, que ser\u00e1 na linha do mote da campanha \u201cNem que a vaca tussa, em direito dos trabalhadores n\u00e3o se mexe\u201d.<\/p>\n<p>\u201cVamos lembrar a presidenta dos compromissos publicamente assumidos pela ent\u00e3o candidata, durante a campanha eleitoral, que se contrap\u00f5em radicalmente aos termos do PL 4330\/2004. Esse projeto de lei, em tr\u00e2mite no Congresso, busca reduzir os custos do trabalho no Brasil a partir do tratamento diferenciado entre os trabalhadores, dividindo-os entre aqueles contratados diretamente pelas empresa e detentores de mais direitos e os terceirizados, com menos direitos\u201d, explica Miguel.<\/p>\n<p>As consequ\u00eancias para os trabalhadores ser\u00e1 achatamento dos sal\u00e1rios, aumento da jornada e dos acidentes de trabalho. \u201cAl\u00e9m disso, haver\u00e1 a pulveriza\u00e7\u00e3o da representa\u00e7\u00e3o sindical, que enfraquecer\u00e1 a luta das atuais categorias organizadas, chegando at\u00e9 a figura de empresas com um \u00fanico trabalhador (PJ), dentre outros aspectos nefastos \u00e0 classe trabalhadora\u201d, destaca o dirigente sindical.<\/p>\n<p>Na reuni\u00e3o, os participantes aproveitaram tamb\u00e9m para analisar o processo Cenibra, que se encontra com pedido de repercuss\u00e3o geral no Supremo Tribunal Federal (STF), e decidir encaminhamentos para a atua\u00e7\u00e3o das entidades que comp\u00f5em o F\u00f3rum em rela\u00e7\u00e3o a essa a\u00e7\u00e3o.<\/p>\n<p>Quanto \u00e0s propostas aprovadas no semin\u00e1rio de Bras\u00edlia, ser\u00e1 organizada uma reuni\u00e3o de trabalho para a \u00e1rea de comunica\u00e7\u00e3o, com a finalidade de produzir novos materiais de m\u00eddia, como uma marca para a nossa campanha no F\u00f3rum, camisetas, folders e material especialmente dirigido aos trabalhadores terceirizados, bem como a revitaliza\u00e7\u00e3o do site do F\u00f3rum, elabora\u00e7\u00e3o de mat\u00e9rias constantes pelos integrantes do F\u00f3rum e atua\u00e7\u00e3o nas redes sociais.<\/p>\n<p>Outra medida, que ser\u00e1 operacionalizada, \u00e9 a reprodu\u00e7\u00e3o nos estados e regi\u00f5es do pa\u00eds, em escala local, do semin\u00e1rio organizado com muito sucesso pelo F\u00f3rum. As entidades ser\u00e3o estimuladas, a partir de articula\u00e7\u00f5es de centrais sindicais, Amatras, procuradorias regionais, sindicatos e Assembleias Legislativas a organizarem debates regionais com a mesma tem\u00e1tica.<\/p>\n<p>\u201cAvalio como muito importante essa reuni\u00e3o no dia de hoje porque, al\u00e9m de resgatar uma s\u00e9rie de encaminhamentos, reaviva a organiza\u00e7\u00e3o e a mobiliza\u00e7\u00e3o em torno desse tema e dos riscos que temos de enfrentar para vermos arquivadas todas essas amea\u00e7as, cujo enfrentamento temos que colocar como nossa prioridade n\u00famero 1\u2033, conclui Miguel.\u00a0<\/p>\n<p>Fonte: Contraf-CUT<\/p>\n","protected":false},"excerpt":{"rendered":"<p>Diante da possibilidade da entrada na pauta de vota\u00e7\u00e3o do PL 4330\/2004 da terceiriza\u00e7\u00e3o ainda este ano na C\u00e2mara Federal e a import\u00e2ncia de retomar os encaminhamentos aprovados no semin\u00e1rio realizado em setembro, em Bras\u00edlia, o F\u00f3rum de Defesa dos Trabalhadores Amea\u00e7ados pela Terceiriza\u00e7\u00e3o se reuniu nesta segunda-feira (10), na sede da Contraf-CUT, em S\u00e3o [&hellip;]<\/p>\n","protected":false},"author":1,"featured_media":0,"comment_status":"","ping_status":"","sticky":false,"template":"","format":"standard","meta":{"footnotes":""},"categories":[3],"tags":[],"class_list":["post-1747","post","type-post","status-publish","format-standard","hentry","category-noticias"],"_links":{"self":[{"href":"https:\/\/hostnetart.com.br\/baixada\/wp-json\/wp\/v2\/posts\/1747","targetHints":{"allow":["GET"]}}],"collection":[{"href":"https:\/\/hostnetart.com.br\/baixada\/wp-json\/wp\/v2\/posts"}],"about":[{"href":"https:\/\/hostnetart.com.br\/baixada\/wp-json\/wp\/v2\/types\/post"}],"author":[{"embeddable":true,"href":"https:\/\/hostnetart.com.br\/baixada\/wp-json\/wp\/v2\/users\/1"}],"replies":[{"embeddable":true,"href":"https:\/\/hostnetart.com.br\/baixada\/wp-json\/wp\/v2\/comments?post=1747"}],"version-history":[{"count":0,"href":"https:\/\/hostnetart.com.br\/baixada\/wp-json\/wp\/v2\/posts\/1747\/revisions"}],"wp:attachment":[{"href":"https:\/\/hostnetart.com.br\/baixada\/wp-json\/wp\/v2\/media?parent=1747"}],"wp:term":[{"taxonomy":"category","embeddable":true,"href":"https:\/\/hostnetart.com.br\/baixada\/wp-json\/wp\/v2\/categories?post=1747"},{"taxonomy":"post_tag","embeddable":true,"href":"https:\/\/hostnetart.com.br\/baixada\/wp-json\/wp\/v2\/tags?post=1747"}],"curies":[{"name":"wp","href":"https:\/\/api.w.org\/{rel}","templated":true}]}}