{"id":1746,"date":"2013-11-28T00:00:00","date_gmt":"2013-11-28T02:00:00","guid":{"rendered":"https:\/\/hostnetart.com.br\/baixada\/contraf-cut-e-entidades-sindicais-reivindicam-do-bb-cassi-e-previ-para-todos\/"},"modified":"2013-11-28T00:00:00","modified_gmt":"2013-11-28T02:00:00","slug":"contraf-cut-e-entidades-sindicais-reivindicam-do-bb-cassi-e-previ-para-todos","status":"publish","type":"post","link":"https:\/\/hostnetart.com.br\/baixada\/contraf-cut-e-entidades-sindicais-reivindicam-do-bb-cassi-e-previ-para-todos\/","title":{"rendered":"Contraf-CUT e entidades sindicais reivindicam do BB Cassi e Previ para todos"},"content":{"rendered":"<p>Foi realizada na tarde desta quarta-feira 27 de novembro a primeira reuni\u00e3o da mesa tem\u00e1tica entre a Contraf-CUT e entidades sindicais e o Banco do Brasil sobre sa\u00fade e previd\u00eancia para os funcion\u00e1rios oriundos dos bancos incorporados pelo BB. O encontro aconteceu na sede do banco em Bras\u00edlia.<br \/>Os representantes dos funcion\u00e1rios reivindicam que todos os trabalhadores oriundos do Besc, Banco Nossa Caixa e BEP tenham acesso ao plano de sa\u00fade da Cassi, com a assist\u00eancia, os servi\u00e7os, a amplitude nacional e a contrapartida de custeio do banco para ativos e aposentados. Com rela\u00e7\u00e3o aos planos de previd\u00eancia do Economus, Fusesc e Previbep, que sejam garantidos os mesmos direitos, n\u00edvel de contribui\u00e7\u00f5es e benef\u00edcios oferecidos aos funcion\u00e1rios do BB no Previ Futuro, preservados os direitos dos participantes ativos e aposentados vinculados aos planos de Benef\u00edcio Definido daquelas tr\u00eas entidades.<br \/>Os representantes do Banco do Brasil na mesa tem\u00e1tica, sob a coordena\u00e7\u00e3o do diretor da Diref, Carlos N\u00e9ri, apresentaram uma s\u00e9rie de dados e falaram sob a situa\u00e7\u00e3o de cada uma das tr\u00eas entidades, dos seus planos de previd\u00eancia e de assist\u00eancia \u00e0 sa\u00fade.<br \/>Apresentaram o trabalho que est\u00e1 sendo feito pelos dirigentes de cada entidade para avaliar com profundidade o patrim\u00f4nio, os investimentos e a situa\u00e7\u00e3o atuarial de cada um dos planos, os riscos, demandas e passivos, a implanta\u00e7\u00e3o de novos mecanismos de decis\u00e3o, controle, avalia\u00e7\u00e3o de risco, auditorias e procedimentos para melhorar a gest\u00e3o dos fundos.<\/p>\n<p>\u00a0<\/p>\n<p>Os representantes do BB frisaram que n\u00e3o h\u00e1 autoriza\u00e7\u00e3o do acionista majorit\u00e1rio para negociar solu\u00e7\u00f5es neste momento, j\u00e1 que o encontro realizado nesta quarta-feira n\u00e3o era uma mesa de negocia\u00e7\u00f5es, mas uma reuni\u00e3o para reconhecimento da situa\u00e7\u00e3o dos planos.<\/p>\n<p>\u00a0<\/p>\n<p>\u00a0<\/p>\n<p><strong>Questionamentos<\/strong><\/p>\n<p>\u00a0<\/p>\n<p>As entidades sindicais fizeram uma s\u00e9rie de questionamentos quanto \u00e0 situa\u00e7\u00e3o dos planos. Reafirmaram que a expectativa dos trabalhadores oriundos dos bancos incorporados \u00e9 que haja uma solu\u00e7\u00e3o negociada, que equipare seus direitos aos dos banc\u00e1rios j\u00e1 admitidos como funcion\u00e1rios do BB.<\/p>\n<p>\u00a0<\/p>\n<p>Os sindicalistas mostraram que, se houver disposi\u00e7\u00e3o da parte do banco, est\u00e3o dispostos a fazer todo o esfor\u00e7o necess\u00e1rio para encontrar sa\u00eddas que viabilizem a transfer\u00eancia de todos, com suas reservas e direitos, para a Cassi e a Previ, sem levar nenhum risco desnecess\u00e1rio aos atuais participantes dessas duas entidades.<\/p>\n<p>\u00a0<\/p>\n<p>\u201cA reuni\u00e3o foi produtiva porque para alcan\u00e7armos nosso objetivo de termos todo o funcionalismo inclu\u00eddo na Cassi e Previ, com direitos iguais e sem discrimina\u00e7\u00e3o, temos de conhecer os diversos planos de sa\u00fade, de previd\u00eancia, os principais problemas e assim discutirmos junto com os trabalhadores a melhor maneira de negociar a solu\u00e7\u00e3o desta reivindica\u00e7\u00e3o t\u00e3o importante para cada banc\u00e1ria e banc\u00e1rio oriundos dos bancos incorporados que hoje n\u00e3o t\u00eam acesso ao direito, tanto na ativa quanto na aposentadoria, como j\u00e1 ocorre com quase 200 mil funcion\u00e1rios do banco\u201d, afirma William Mendes, secret\u00e1rio de Forma\u00e7\u00e3o da Contraf-CUT e coordenador da Comiss\u00e3o de Empresa dos Funcion\u00e1rios do BB.<\/p>\n<p>\u00a0<\/p>\n<p>Tanto os representantes do banco quanto os sindicalistas ficaram de aprofundar estudos e avaliar propostas concretas de solu\u00e7\u00e3o para depois realizar nova reuni\u00e3o. Os membros da Comiss\u00e3o de Empresa reivindicam que se inicie de fato um processo de negocia\u00e7\u00e3o, e n\u00e3o somente uma mesa tem\u00e1tica para avalia\u00e7\u00e3o dos planos.<br \/>Fonte: Contraf-CUT<\/p>\n","protected":false},"excerpt":{"rendered":"<p>Foi realizada na tarde desta quarta-feira 27 de novembro a primeira reuni\u00e3o da mesa tem\u00e1tica entre a Contraf-CUT e entidades sindicais e o Banco do Brasil sobre sa\u00fade e previd\u00eancia para os funcion\u00e1rios oriundos dos bancos incorporados pelo BB. O encontro aconteceu na sede do banco em Bras\u00edlia.Os representantes dos funcion\u00e1rios reivindicam que todos os [&hellip;]<\/p>\n","protected":false},"author":1,"featured_media":0,"comment_status":"","ping_status":"","sticky":false,"template":"","format":"standard","meta":{"footnotes":""},"categories":[3],"tags":[],"class_list":["post-1746","post","type-post","status-publish","format-standard","hentry","category-noticias"],"_links":{"self":[{"href":"https:\/\/hostnetart.com.br\/baixada\/wp-json\/wp\/v2\/posts\/1746","targetHints":{"allow":["GET"]}}],"collection":[{"href":"https:\/\/hostnetart.com.br\/baixada\/wp-json\/wp\/v2\/posts"}],"about":[{"href":"https:\/\/hostnetart.com.br\/baixada\/wp-json\/wp\/v2\/types\/post"}],"author":[{"embeddable":true,"href":"https:\/\/hostnetart.com.br\/baixada\/wp-json\/wp\/v2\/users\/1"}],"replies":[{"embeddable":true,"href":"https:\/\/hostnetart.com.br\/baixada\/wp-json\/wp\/v2\/comments?post=1746"}],"version-history":[{"count":0,"href":"https:\/\/hostnetart.com.br\/baixada\/wp-json\/wp\/v2\/posts\/1746\/revisions"}],"wp:attachment":[{"href":"https:\/\/hostnetart.com.br\/baixada\/wp-json\/wp\/v2\/media?parent=1746"}],"wp:term":[{"taxonomy":"category","embeddable":true,"href":"https:\/\/hostnetart.com.br\/baixada\/wp-json\/wp\/v2\/categories?post=1746"},{"taxonomy":"post_tag","embeddable":true,"href":"https:\/\/hostnetart.com.br\/baixada\/wp-json\/wp\/v2\/tags?post=1746"}],"curies":[{"name":"wp","href":"https:\/\/api.w.org\/{rel}","templated":true}]}}