{"id":1745,"date":"2013-11-28T00:00:00","date_gmt":"2013-11-28T02:00:00","guid":{"rendered":"https:\/\/hostnetart.com.br\/baixada\/bancarios-criticam-mudancas-unilaterais-no-plano-de-saude-do-santander\/"},"modified":"2013-11-28T00:00:00","modified_gmt":"2013-11-28T02:00:00","slug":"bancarios-criticam-mudancas-unilaterais-no-plano-de-saude-do-santander","status":"publish","type":"post","link":"https:\/\/hostnetart.com.br\/baixada\/bancarios-criticam-mudancas-unilaterais-no-plano-de-saude-do-santander\/","title":{"rendered":"Banc\u00e1rios criticam mudan\u00e7as unilaterais no plano de sa\u00fade do Santander"},"content":{"rendered":"<p>Em reuni\u00e3o ocorrida na tarde desta quarta-feira (27) do Comit\u00ea de Rela\u00e7\u00f5es Trabalhistas (CRT), a Contraf-CUT, federa\u00e7\u00f5es e sindicatos criticaram as mudan\u00e7as unilaterais no plano de sa\u00fade dos funcion\u00e1rios e aposentados, \u00e0 exce\u00e7\u00e3o da Cabesp, e cobraram altera\u00e7\u00f5es do banco para preservar os direitos dos trabalhadores. Houve tamb\u00e9m discuss\u00f5es sobre demiss\u00f5es, homologa\u00e7\u00f5es por prepostos terceirizados e metas para caixas, dentre outros assuntos.<\/p>\n<p>\u00a0<br \/>\u201cMais uma vez, os banc\u00e1rios sa\u00edram frustrados da negocia\u00e7\u00e3o, pois o Santander n\u00e3o trouxe avan\u00e7os. Precisamos intensificar a mobiliza\u00e7\u00e3o em todo pa\u00eds para que o banco atenda as reivindica\u00e7\u00f5es dos trabalhadores e respeite o Brasil e os brasileiros\u201d, avalia o secret\u00e1rio de imprensa da Contraf-CUT, Ademir Wiederkehr.<\/p>\n<p>\u00a0<br \/><strong>Emprego<\/strong><\/p>\n<p>\u00a0<br \/>Nesta quinta-feira (28), \u00e0s 17 horas, representantes das entidades sindicais e Afubesp se re\u00fanem com o vice-presidente s\u00eanior do Santander, respons\u00e1vel pela \u00e1rea de recursos humanos, para discutir os problemas de emprego.<\/p>\n<p>\u00a0<br \/>\u201cVamos reivindicar o fim das demiss\u00f5es, da rotatividade e das terceiriza\u00e7\u00f5es, bem como mais contrata\u00e7\u00f5es de funcion\u00e1rios, a fim de melhorar as condi\u00e7\u00f5es de trabalho, evitar o adoecimento de funcion\u00e1rios e buscar atendimento de qualidade aos clientes\u201d, destaca o dirigente sindical. \u201cN\u00e3o \u00e9 \u00e0 toa que o banco voltou a ser campe\u00e3o em outubro no ranking de reclama\u00e7\u00f5es de clientes no BC num ano em que ocupou essa inc\u00f4moda lideran\u00e7a por sete meses consecutivos\u201d, acrescenta.<\/p>\n<p>\u00a0<br \/><strong>Altera\u00e7\u00f5es nos planos de sa\u00fade\u00a0<\/strong><\/p>\n<p>\u00a0<br \/>O banco vai alterar a forma de cobran\u00e7a dos planos de sa\u00fade, \u00e0 exce\u00e7\u00e3o da Cabesp. Atualmente os valores s\u00e3o definidos com base na faixa salarial. A partir de janeiro de 2014, as contribui\u00e7\u00f5es ser\u00e3o calculadas com base na faixa et\u00e1ria. Essas altera\u00e7\u00f5es unilaterais encarecer\u00e3o os planos para os funcion\u00e1rios na ativa e praticamente inviabilizar\u00e3o a manuten\u00e7\u00e3o do conv\u00eanio para os aposentados.<\/p>\n<p>\u00a0<\/p>\n<p>De acordo com a diretora executiva do Sindicato dos Banc\u00e1rios de S\u00e3o Paulo, Rita Berlofa, o movimento sindical quer que o banco interrompa a implanta\u00e7\u00e3o dessa mudan\u00e7a arbitr\u00e1ria at\u00e9 que haja discuss\u00e3o sobre o tema com os representantes dos trabalhadores. O banco agendou uma reuni\u00e3o espec\u00edfica sobre o assunto para a pr\u00f3xima quarta-feira, dia 4 de dezembro, \u00e0s 16 horas.<\/p>\n<p>\u00a0<\/p>\n<p>\u201cConsiderando que os trabalhadores fazem parte do contrato, e para que a negocia\u00e7\u00e3o esteja no mesmo n\u00edvel para todos, reivindicamos que o banco forne\u00e7a a c\u00f3pia do contrato e dos estudos atuariais que determinaram os valores a serem cobrados\u201d, prop\u00f4s Rita.<\/p>\n<p>\u00a0<\/p>\n<p>\u00a0<\/p>\n<p><strong>Metas para caixas\u00a0<\/strong><\/p>\n<p>\u00a0<\/p>\n<p>Um dos maiores problemas enfrentados pelos funcion\u00e1rios das ag\u00eancias \u00e9 a cobran\u00e7a por metas. Ap\u00f3s muitos anos de press\u00e3o dos dirigentes sindicais, o Santander divulgou em julho um comunicado para toda a rede de ag\u00eancias orientando que o caixa n\u00e3o pode ser cobrado pelo cumprimento de metas de venda de produtos.<\/p>\n<p>\u00a0<\/p>\n<p>&gt; Clique\u00a0<a href=\"http:\/\/www.contrafcut.org.br\/download\/Arquivo\/1371111932.pdf\" target=\"_blank\" rel=\"noopener noreferrer\">aqui<\/a>\u00a0para ler o comunicado do banco sobre as atividades dos caixas.<\/p>\n<p>\u00a0<\/p>\n<p>No entanto, os sindicatos continuam recebendo in\u00fameras den\u00fancias, indicando que continua a cobran\u00e7a de metas para caixas. \u201cReivindicamos que o banco comunique novamente a rede de ag\u00eancias e d\u00ea ci\u00eancia ao comunicado sob a forma de assinatura de gestores e caixas, a fim de que todos tomem conhecimento da orienta\u00e7\u00e3o\u201d, defendeu Ademir.<\/p>\n<p>O banco se comprometeu a refor\u00e7ar a orienta\u00e7\u00e3o, sendo que a forma desse refor\u00e7o ser\u00e1 informada para as entidades sindicais at\u00e9 o dia 6 de dezembro.<\/p>\n<p>\u00a0<\/p>\n<p>Rita pede aos funcion\u00e1rios que denunciem aos sindicatos se as cobran\u00e7as de metas persistirem ap\u00f3s a nova divulga\u00e7\u00e3o do comunicado. \u201cO banco reafirmou que o acordo tem de ser cumprido. Se h\u00e1 um comunicado proibindo a cobran\u00e7a por metas e ele n\u00e3o est\u00e1 sendo cumprido, isso mostra que h\u00e1 leni\u00eancia por parte de algu\u00e9m do banco, e n\u00f3s exigimos que se apurem as responsabilidades\u201d, destaca.<\/p>\n<p>\u00a0<\/p>\n<p>\u00a0<\/p>\n<p><strong>Falta de higiene\u00a0<\/strong><\/p>\n<p>\u00a0<\/p>\n<p>Para reduzir ainda mais os custos, o banco diminuiu at\u00e9 os gastos com servi\u00e7os de limpeza, o que leva muitas ag\u00eancias a atenderem os clientes em p\u00e9ssimas condi\u00e7\u00f5es de higiene. O movimento sindical deixou claro que as ag\u00eancias, que estiverem funcionando sem as devidas condi\u00e7\u00f5es de limpeza e higiene, ser\u00e3o fechadas e o problema ser\u00e1 denunciado aos clientes e \u00e0 popula\u00e7\u00e3o.<\/p>\n<p>\u00a0<\/p>\n<p>\u201c\u00c9 injustific\u00e1vel que o banco pague milh\u00f5es de reais por ano para um punhado de altos executivos, enquanto corta despesas sob forma de demiss\u00f5es e precariza\u00e7\u00e3o da limpeza nas ag\u00eancias\u201d, aponta a coordenadora da Comiss\u00e3o de Organiza\u00e7\u00e3o dos Empregados (COE) do Santander, Maria Rosani.<\/p>\n<p>\u00a0<\/p>\n<p>\u00a0<\/p>\n<p><strong>Homologa\u00e7\u00e3o por prepostos terceirizados<\/strong><\/p>\n<p>\u00a0<\/p>\n<p>O Santander insiste em seguir terceirizando as homologa\u00e7\u00f5es nos sindicatos, exceto S\u00e3o Paulo e Rio de Janeiro, dentre outros. Ao inv\u00e9s de enviar um funcion\u00e1rio, como vinha fazendo at\u00e9 abril deste ano em todo pa\u00eds, o banco passou a contratar advogados como prepostos, certamente por causa da falta de trabalhadores nas ag\u00eancias diante de tantas demiss\u00f5es.<\/p>\n<p>\u00a0<\/p>\n<p>\u201cN\u00e3o aceitamos a terceiriza\u00e7\u00e3o das homologa\u00e7\u00f5es, pois a admiss\u00e3o e o desligamento s\u00e3o atividades-fim das empresas\u201d, alerta o diretor do Sindicato dos Banc\u00e1rios da Bahia, Adelmo Andrade.<\/p>\n<p>\u00a0<\/p>\n<p>\u00a0<\/p>\n<p><strong>Acordo para call center\u00a0<\/strong><\/p>\n<p>\u00a0<\/p>\n<p>Os funcion\u00e1rios dos call center do Santander, em S\u00e3o Paulo e no Rio de Janeiro, sofrem com os desrespeitos \u00e0s pausas de descanso previstas na legisla\u00e7\u00e3o. O banco ficou de apresentar uma contraproposta \u00e0s reivindica\u00e7\u00f5es dos trabalhadores at\u00e9 o dia 6 de dezembro. Na mesma data, ocorrer\u00e1 reuni\u00e3o entre os dois sindicatos e o banco para tratar do assunto.<\/p>\n<p>\u00a0<\/p>\n<p>\u00a0<\/p>\n<p><strong>Corte do adicional de periculosidade<\/strong><\/p>\n<p>\u00a0<br \/>Os dirigentes sindicais denunciaram ainda que o banco cortou em novembro o pagamento de adicional de periculosidade de funcion\u00e1rios lotados em ag\u00eancias e postos, como nas instala\u00e7\u00f5es da Petrobras, alegando que possui laudo t\u00e9cnico para tanto.<\/p>\n<p>\u00a0<\/p>\n<p>A Contraf-CUT far\u00e1 um levantamento junto aos sindicatos para identificar todos as unidades atingidas e orientar a emiss\u00e3o de laudos t\u00e9cnicos sobre o assunto, buscando retomar o pagamento. \u201c\u00c9 inaceit\u00e1vel que o Santander queira economizar retirando direitos dos funcion\u00e1rios\u201d, protesta o diretor da Fetraf RJ-ES, Paulo Garcez.<\/p>\n<p>\u00a0<\/p>\n<p>\u00a0<\/p>\n<p><strong>SantanderPrevi<\/strong><\/p>\n<p>\u00a0<\/p>\n<p>Ao final, os representantes dos trabalhadores cobraram a retomada do grupo de trabalho, previsto no acordo aditivo \u00e0 conven\u00e7\u00e3o coletiva, sobre o processo eleitoral do SantandePrevi. Os banc\u00e1rios querem democratizar as elei\u00e7\u00f5es com regras transparentes. O prazo estabelecido j\u00e1 venceu e nenhuma proposta foi apresentada pelo banco.<\/p>\n<p>\u00a0<\/p>\n<p>Tamb\u00e9m foi reivindicada a retomada do F\u00f3rum de Sa\u00fade e Condi\u00e7\u00f5es de Trabalho, igualmente previsto no acordo aditivo.<\/p>\n<p>\u00a0<\/p>\n<p>O banco ficou de apresentar datas para essas reuni\u00f5es at\u00e9 o dia 6 de dezembro.<\/p>\n<p>\u00a0<\/p>\n<p>Fonte: Contraf-CUT com Seeb S\u00e3o Paulo<\/p>\n","protected":false},"excerpt":{"rendered":"<p>Em reuni\u00e3o ocorrida na tarde desta quarta-feira (27) do Comit\u00ea de Rela\u00e7\u00f5es Trabalhistas (CRT), a Contraf-CUT, federa\u00e7\u00f5es e sindicatos criticaram as mudan\u00e7as unilaterais no plano de sa\u00fade dos funcion\u00e1rios e aposentados, \u00e0 exce\u00e7\u00e3o da Cabesp, e cobraram altera\u00e7\u00f5es do banco para preservar os direitos dos trabalhadores. Houve tamb\u00e9m discuss\u00f5es sobre demiss\u00f5es, homologa\u00e7\u00f5es por prepostos terceirizados [&hellip;]<\/p>\n","protected":false},"author":1,"featured_media":0,"comment_status":"","ping_status":"","sticky":false,"template":"","format":"standard","meta":{"footnotes":""},"categories":[3],"tags":[],"class_list":["post-1745","post","type-post","status-publish","format-standard","hentry","category-noticias"],"_links":{"self":[{"href":"https:\/\/hostnetart.com.br\/baixada\/wp-json\/wp\/v2\/posts\/1745","targetHints":{"allow":["GET"]}}],"collection":[{"href":"https:\/\/hostnetart.com.br\/baixada\/wp-json\/wp\/v2\/posts"}],"about":[{"href":"https:\/\/hostnetart.com.br\/baixada\/wp-json\/wp\/v2\/types\/post"}],"author":[{"embeddable":true,"href":"https:\/\/hostnetart.com.br\/baixada\/wp-json\/wp\/v2\/users\/1"}],"replies":[{"embeddable":true,"href":"https:\/\/hostnetart.com.br\/baixada\/wp-json\/wp\/v2\/comments?post=1745"}],"version-history":[{"count":0,"href":"https:\/\/hostnetart.com.br\/baixada\/wp-json\/wp\/v2\/posts\/1745\/revisions"}],"wp:attachment":[{"href":"https:\/\/hostnetart.com.br\/baixada\/wp-json\/wp\/v2\/media?parent=1745"}],"wp:term":[{"taxonomy":"category","embeddable":true,"href":"https:\/\/hostnetart.com.br\/baixada\/wp-json\/wp\/v2\/categories?post=1745"},{"taxonomy":"post_tag","embeddable":true,"href":"https:\/\/hostnetart.com.br\/baixada\/wp-json\/wp\/v2\/tags?post=1745"}],"curies":[{"name":"wp","href":"https:\/\/api.w.org\/{rel}","templated":true}]}}